{"id":3550,"date":"2026-08-07T07:00:00","date_gmt":"2026-08-07T05:00:00","guid":{"rendered":"https:\/\/levangilealecran.com\/?p=3550"},"modified":"2026-07-14T03:06:05","modified_gmt":"2026-07-14T01:06:05","slug":"19e-dimanche-du-temps-ordinaire-a-9-aout-2026","status":"publish","type":"post","link":"https:\/\/levangilealecran.com\/?p=3550","title":{"rendered":"19e dimanche du Temps Ordinaire \u2013 A \u2013 9 ao\u00fbt 2026"},"content":{"rendered":"\n<blockquote class=\"wp-block-quote is-layout-flow wp-block-quote-is-layout-flow\">\n<p class=\"wp-block-paragraph\"><strong><em>Pierre descendit de la barque et marcha sur les eaux pour aller vers J\u00e9sus. Mais, voyant la force du vent, il eut peur et, comme il commen\u00e7ait \u00e0 enfoncer, il cria : \u00ab Seigneur, sauve-moi ! \u00bb<\/em><\/strong><\/p>\n<cite><strong><em>(Matthieu 14,29-30)<\/em><\/strong><\/cite><\/blockquote>\n\n\n\n<figure class=\"wp-block-video\"><video height=\"1200\" style=\"aspect-ratio: 1200 \/ 1200;\" width=\"1200\" autoplay controls muted src=\"https:\/\/levangilealecran.com\/wp-content\/uploads\/2026\/07\/Evangile-a-LEcran-20260809.mp4\" playsinline><\/video><\/figure>\n\n\n\n<p class=\"wp-block-paragraph\">&gt; Le probl\u00e8me de Pierre n\u2019est pas de ne pas pouvoir marcher sur l\u2019eau : il a commenc\u00e9 \u00e0 le faire. Ce qui nous semble impossible est possible avec J\u00e9sus. Son probl\u00e8me, c\u2019est la PEUR. C\u2019est cela qui fait qu\u2019il commence \u00e0 s\u2019enfoncer.<\/p>\n\n\n\n<p class=\"wp-block-paragraph\">&gt; J\u00e9sus passe son temps, notamment dans l\u2019Evangile de Matthieu, \u00e0 nous demander de ne pas avoir peur, de chasser cette \u00e9motion bien humaine mais qui paralyse aussi s\u00fbrement qu\u2019elle emp\u00eache les miracles d\u2019advenir.<\/p>\n\n\n\n<p class=\"wp-block-paragraph\">&gt; Lorsque nous ressentons la peur, fixons notre regard sur le Christ et chassons-la. Alors, il est bien possible que nous assistions \u00e0 un miracle, pour nous ou pour autrui.<\/p>\n","protected":false},"excerpt":{"rendered":"<p>Pierre descendit de la barque et marcha sur les eaux pour aller vers J\u00e9sus. Mais, voyant la force du vent, il eut peur et, comme il commen\u00e7ait \u00e0 enfoncer, il cria : \u00ab Seigneur, sauve-moi ! \u00bb (Matthieu 14,29-30) &gt; Le probl\u00e8me de Pierre n\u2019est pas de ne pas pouvoir marcher sur l\u2019eau : il a commenc\u00e9 \u00e0 le faire. Ce qui nous semble impossible est possible avec J\u00e9sus. Son probl\u00e8me, c\u2019est la PEUR. C\u2019est cela qui fait qu\u2019il commence \u00e0 s\u2019enfoncer. &gt; J\u00e9sus passe son temps, notamment dans l\u2019Evangile de Matthieu, \u00e0 nous demander de ne pas avoir peur, de chasser cette \u00e9motion bien humaine mais qui paralyse aussi \u2026 <a class=\"continue-reading-link\" href=\"https:\/\/levangilealecran.com\/?p=3550\"> Continue reading <span class=\"meta-nav\">&rarr; <\/span><\/a><\/p>\n","protected":false},"author":2005,"featured_media":0,"comment_status":"open","ping_status":"open","sticky":false,"template":"","format":"standard","meta":{"footnotes":""},"categories":[4,8],"tags":[],"class_list":["post-3550","post","type-post","status-publish","format-standard","hentry","category-dimanche","category-matthieu"],"_links":{"self":[{"href":"https:\/\/levangilealecran.com\/index.php?rest_route=\/wp\/v2\/posts\/3550","targetHints":{"allow":["GET"]}}],"collection":[{"href":"https:\/\/levangilealecran.com\/index.php?rest_route=\/wp\/v2\/posts"}],"about":[{"href":"https:\/\/levangilealecran.com\/index.php?rest_route=\/wp\/v2\/types\/post"}],"author":[{"embeddable":true,"href":"https:\/\/levangilealecran.com\/index.php?rest_route=\/wp\/v2\/users\/2005"}],"replies":[{"embeddable":true,"href":"https:\/\/levangilealecran.com\/index.php?rest_route=%2Fwp%2Fv2%2Fcomments&post=3550"}],"version-history":[{"count":1,"href":"https:\/\/levangilealecran.com\/index.php?rest_route=\/wp\/v2\/posts\/3550\/revisions"}],"predecessor-version":[{"id":3553,"href":"https:\/\/levangilealecran.com\/index.php?rest_route=\/wp\/v2\/posts\/3550\/revisions\/3553"}],"wp:attachment":[{"href":"https:\/\/levangilealecran.com\/index.php?rest_route=%2Fwp%2Fv2%2Fmedia&parent=3550"}],"wp:term":[{"taxonomy":"category","embeddable":true,"href":"https:\/\/levangilealecran.com\/index.php?rest_route=%2Fwp%2Fv2%2Fcategories&post=3550"},{"taxonomy":"post_tag","embeddable":true,"href":"https:\/\/levangilealecran.com\/index.php?rest_route=%2Fwp%2Fv2%2Ftags&post=3550"}],"curies":[{"name":"wp","href":"https:\/\/api.w.org\/{rel}","templated":true}]}}