{"id":3546,"date":"2026-07-31T07:00:00","date_gmt":"2026-07-31T05:00:00","guid":{"rendered":"https:\/\/levangilealecran.com\/?p=3546"},"modified":"2026-07-14T03:04:47","modified_gmt":"2026-07-14T01:04:47","slug":"18e-dimanche-du-temps-ordinaire-a-2-aout-2026","status":"publish","type":"post","link":"https:\/\/levangilealecran.com\/?p=3546","title":{"rendered":"18e dimanche du Temps Ordinaire \u2013 A \u2013 2 ao\u00fbt 2026"},"content":{"rendered":"\n<blockquote class=\"wp-block-quote is-layout-flow wp-block-quote-is-layout-flow\">\n<p class=\"wp-block-paragraph\"><strong><em>\u00ab Quand J\u00e9sus apprit la mort de Jean le Baptiste, il se retira et partit en barque pour un endroit d\u00e9sert, \u00e0 l\u2019\u00e9cart. \u00bb<\/em><\/strong><\/p>\n<cite><strong><em>(Mt 14, 13)<\/em><\/strong><\/cite><\/blockquote>\n\n\n\n<figure class=\"wp-block-video\"><video height=\"1200\" style=\"aspect-ratio: 1200 \/ 1200;\" width=\"1200\" autoplay controls muted src=\"https:\/\/levangilealecran.com\/wp-content\/uploads\/2026\/07\/Evangile-a-LEcran-20260802.mp4\" playsinline><\/video><\/figure>\n\n\n\n<p class=\"wp-block-paragraph\">&gt; Cet \u00c9vangile d\u00e9place notre regard du miracle spectaculaire des pains vers ce qui le pr\u00e9c\u00e8de : J\u00e9sus apprend la mort de Jean le Baptiste. Cette nouvelle n\u2019est pas anodine. Jean n\u2019est pas n\u2019importe qui pour J\u00e9sus : il est li\u00e9 \u00e0 lui par la parent\u00e9, mais surtout par la mission. Il a pr\u00e9par\u00e9 sa venue et reconnu en lui l\u2019Envoy\u00e9 de Dieu. Sa mort violente annonce d\u00e9j\u00e0 le rejet que J\u00e9sus lui-m\u00eame devra affronter. J\u00e9sus se retire alors dans un endroit d\u00e9sert, \u00e0 l\u2019\u00e9cart. Mais la foule le rejoint, avec les malades qu\u2019elle porte et sa faim. Et J\u00e9sus, malgr\u00e9 sa peine, se laisse saisir de compassion. Son c\u0153ur bless\u00e9 ne se referme pas : il devient encore un lieu o\u00f9 Dieu donne la vie.<\/p>\n\n\n\n<p class=\"wp-block-paragraph\">&gt; Cette semaine, confions au Seigneur nos peines et ce qui nous blesse. Lui seul peut faire na\u00eetre quelque chose de miraculeux l\u00e0 o\u00f9 nous ne voyons parfois qu\u2019un poids \u00e0 porter : une parole qui rel\u00e8ve ou un geste qui nourrit. Malgr\u00e9 nos peines et nos blessures, que J\u00e9sus nous aide \u00e0 garder le c\u0153ur ouvert en remettant tout entre les mains du P\u00e8re, et \u00e0 croire qu\u2019une gr\u00e2ce peut encore passer par l\u00e0. Amen.<\/p>\n\n\n\n<p class=\"wp-block-paragraph\"><\/p>\n","protected":false},"excerpt":{"rendered":"<p>\u00ab Quand J\u00e9sus apprit la mort de Jean le Baptiste, il se retira et partit en barque pour un endroit d\u00e9sert, \u00e0 l\u2019\u00e9cart. \u00bb (Mt 14, 13) &gt; Cet \u00c9vangile d\u00e9place notre regard du miracle spectaculaire des pains vers ce qui le pr\u00e9c\u00e8de : J\u00e9sus apprend la mort de Jean le Baptiste. Cette nouvelle n\u2019est pas anodine. Jean n\u2019est pas n\u2019importe qui pour J\u00e9sus : il est li\u00e9 \u00e0 lui par la parent\u00e9, mais surtout par la mission. Il a pr\u00e9par\u00e9 sa venue et reconnu en lui l\u2019Envoy\u00e9 de Dieu. Sa mort violente annonce d\u00e9j\u00e0 le rejet que J\u00e9sus lui-m\u00eame devra affronter. J\u00e9sus se retire alors dans un endroit d\u00e9sert, \u2026 <a class=\"continue-reading-link\" href=\"https:\/\/levangilealecran.com\/?p=3546\"> Continue reading <span class=\"meta-nav\">&rarr; <\/span><\/a><\/p>\n","protected":false},"author":2005,"featured_media":0,"comment_status":"open","ping_status":"open","sticky":false,"template":"","format":"standard","meta":{"footnotes":""},"categories":[4,8],"tags":[],"class_list":["post-3546","post","type-post","status-publish","format-standard","hentry","category-dimanche","category-matthieu"],"_links":{"self":[{"href":"https:\/\/levangilealecran.com\/index.php?rest_route=\/wp\/v2\/posts\/3546","targetHints":{"allow":["GET"]}}],"collection":[{"href":"https:\/\/levangilealecran.com\/index.php?rest_route=\/wp\/v2\/posts"}],"about":[{"href":"https:\/\/levangilealecran.com\/index.php?rest_route=\/wp\/v2\/types\/post"}],"author":[{"embeddable":true,"href":"https:\/\/levangilealecran.com\/index.php?rest_route=\/wp\/v2\/users\/2005"}],"replies":[{"embeddable":true,"href":"https:\/\/levangilealecran.com\/index.php?rest_route=%2Fwp%2Fv2%2Fcomments&post=3546"}],"version-history":[{"count":2,"href":"https:\/\/levangilealecran.com\/index.php?rest_route=\/wp\/v2\/posts\/3546\/revisions"}],"predecessor-version":[{"id":3551,"href":"https:\/\/levangilealecran.com\/index.php?rest_route=\/wp\/v2\/posts\/3546\/revisions\/3551"}],"wp:attachment":[{"href":"https:\/\/levangilealecran.com\/index.php?rest_route=%2Fwp%2Fv2%2Fmedia&parent=3546"}],"wp:term":[{"taxonomy":"category","embeddable":true,"href":"https:\/\/levangilealecran.com\/index.php?rest_route=%2Fwp%2Fv2%2Fcategories&post=3546"},{"taxonomy":"post_tag","embeddable":true,"href":"https:\/\/levangilealecran.com\/index.php?rest_route=%2Fwp%2Fv2%2Ftags&post=3546"}],"curies":[{"name":"wp","href":"https:\/\/api.w.org\/{rel}","templated":true}]}}