{"id":3537,"date":"2026-07-17T07:00:00","date_gmt":"2026-07-17T05:00:00","guid":{"rendered":"https:\/\/levangilealecran.com\/?p=3537"},"modified":"2026-07-10T01:39:44","modified_gmt":"2026-07-09T23:39:44","slug":"16e-dimanche-du-temps-ordinaire-a-17-juillet-2026","status":"publish","type":"post","link":"https:\/\/levangilealecran.com\/?p=3537","title":{"rendered":"16e dimanche du Temps Ordinaire \u2013 A \u2013 19 juillet 2026"},"content":{"rendered":"\n<p class=\"wp-block-paragraph\"><strong><em>\u00ab Mais les personnes qui sont fid\u00e8les \u00e0 Dieu brilleront comme le soleil dans leroyaume de leur P\u00e8re. Celui qui a des oreilles, qu\u2019il entende ! \u00bb<\/em><\/strong><\/p>\n\n\n\n<blockquote class=\"wp-block-quote is-layout-flow wp-block-quote-is-layout-flow\"><cite>(Mt 13.43)<\/cite><\/blockquote>\n\n\n\n<figure class=\"wp-block-video\"><video height=\"1200\" style=\"aspect-ratio: 1200 \/ 1200;\" width=\"1200\" autoplay controls muted src=\"https:\/\/levangilealecran.com\/wp-content\/uploads\/2026\/07\/Evangile-a-LEcran-20260717.mp4\" playsinline><\/video><\/figure>\n\n\n\n<p class=\"wp-block-paragraph\">> Surprise : dans la perspective de cette parabole, le monde pr\u00e9sent <strong>est<\/strong> le royaume de Dieu en croissance (v.41). Alors qu\u2019on peut \u00eatre d\u00e9courag\u00e9 par tous les \u00e9l\u00e9ments t\u00e9n\u00e9breux qui obscurcissent le monde pr\u00e9sent, parfois m\u00eame nos c\u0153urs, J\u00e9sus nous rappelle que c\u2019est bien dans notre r\u00e9alit\u00e9 pr\u00e9sente que son r\u00e8gne se d\u00e9veloppe.<\/p>\n\n\n\n<p class=\"wp-block-paragraph\">> Pas de doute \u2013 en tout cas pour J\u00e9sus : ce qu\u2019il s\u00e8me produit des \u00ab justes \u00bb, des femmes, hommes, enfants et a\u00een\u00e9s selon le c\u0153ur de Dieu. Il leur appartient de se concentrer sur la bonne semence, qui inclut tout ce qui est agr\u00e9able \u00e0 Dieu, ce qui est bon, juste et vrai. Voir et refl\u00e9ter la lumi\u00e8re plut\u00f4t que de se plaindre des t\u00e9n\u00e8bres, ou pire, s\u2019acharner contre elles.<\/p>\n\n\n\n<p class=\"wp-block-paragraph\">> Que nos communaut\u00e9s soient des lieux o\u00f9 nous nous entra\u00eenons \u00e0 vivre et cultiver l\u2019\u00c9vangile, afin de pouvoir participer \u00e0 la r\u00e9alisation, ici et maintenant, du r\u00e8gne de notre P\u00e8re c\u00e9leste !<\/p>\n\n\n\n<p class=\"wp-block-paragraph\">> Ce qui n\u2019emp\u00eache que la mauvaise herbe existe, sem\u00e9e par le diable. Ce n\u2019est pas \u00e0 nous de l\u2019\u00e9liminer, nous risquerions de faire des d\u00e9g\u00e2ts. J\u00e9sus dit qu\u2019il y aura un moment o\u00f9 le tri se fera, ce qui est plut\u00f4t une bonne nouvelle si nous souffrons de voir le mal prolif\u00e9rer ou des m\u00e9chants prosp\u00e9rer. En attendant, soyons patients, comme Dieu est patient, lui \u00ab qui veut que tous les humains soient sauv\u00e9s, et qu\u2019ils parviennent \u00e0<br>conna\u00eetre la v\u00e9rit\u00e9. \u00bb <em>(1 Timoth\u00e9e 2.4)<\/em> <\/p>\n\n\n\n<p class=\"wp-block-paragraph\"><strong>Questions<\/strong><\/p>\n\n\n\n<ul class=\"wp-block-list\">\n<li>En quoi la promesse que J\u00e9sus s\u2019occupera lui-m\u00eame de la mauvaise herbe le moment venu peut-elle influencer positivement notre engagement pour lui et son r\u00e8gne ?<\/li>\n\n\n\n<li>Ceux \u00ab qui sont fid\u00e8les \u00e0 Dieu brilleront comme le soleil dans le royaume de leur P\u00e8re \u00bb &#8211; comment r\u00e9agissez-vous \u00e0 cette promesse ?<\/li>\n<\/ul>\n","protected":false},"excerpt":{"rendered":"<p>\u00ab Mais les personnes qui sont fid\u00e8les \u00e0 Dieu brilleront comme le soleil dans leroyaume de leur P\u00e8re. Celui qui a des oreilles, qu\u2019il entende ! \u00bb (Mt 13.43) > Surprise : dans la perspective de cette parabole, le monde pr\u00e9sent est le royaume de Dieu en croissance (v.41). Alors qu\u2019on peut \u00eatre d\u00e9courag\u00e9 par tous les \u00e9l\u00e9ments t\u00e9n\u00e9breux qui obscurcissent le monde pr\u00e9sent, parfois m\u00eame nos c\u0153urs, J\u00e9sus nous rappelle que c\u2019est bien dans notre r\u00e9alit\u00e9 pr\u00e9sente que son r\u00e8gne se d\u00e9veloppe. > Pas de doute \u2013 en tout cas pour J\u00e9sus : ce qu\u2019il s\u00e8me produit des \u00ab justes \u00bb, des femmes, hommes, enfants et a\u00een\u00e9s selon le \u2026 <a class=\"continue-reading-link\" href=\"https:\/\/levangilealecran.com\/?p=3537\"> Continue reading <span class=\"meta-nav\">&rarr; <\/span><\/a><\/p>\n","protected":false},"author":2005,"featured_media":0,"comment_status":"open","ping_status":"open","sticky":false,"template":"","format":"standard","meta":{"footnotes":""},"categories":[4,8],"tags":[],"class_list":["post-3537","post","type-post","status-publish","format-standard","hentry","category-dimanche","category-matthieu"],"_links":{"self":[{"href":"https:\/\/levangilealecran.com\/index.php?rest_route=\/wp\/v2\/posts\/3537","targetHints":{"allow":["GET"]}}],"collection":[{"href":"https:\/\/levangilealecran.com\/index.php?rest_route=\/wp\/v2\/posts"}],"about":[{"href":"https:\/\/levangilealecran.com\/index.php?rest_route=\/wp\/v2\/types\/post"}],"author":[{"embeddable":true,"href":"https:\/\/levangilealecran.com\/index.php?rest_route=\/wp\/v2\/users\/2005"}],"replies":[{"embeddable":true,"href":"https:\/\/levangilealecran.com\/index.php?rest_route=%2Fwp%2Fv2%2Fcomments&post=3537"}],"version-history":[{"count":2,"href":"https:\/\/levangilealecran.com\/index.php?rest_route=\/wp\/v2\/posts\/3537\/revisions"}],"predecessor-version":[{"id":3541,"href":"https:\/\/levangilealecran.com\/index.php?rest_route=\/wp\/v2\/posts\/3537\/revisions\/3541"}],"wp:attachment":[{"href":"https:\/\/levangilealecran.com\/index.php?rest_route=%2Fwp%2Fv2%2Fmedia&parent=3537"}],"wp:term":[{"taxonomy":"category","embeddable":true,"href":"https:\/\/levangilealecran.com\/index.php?rest_route=%2Fwp%2Fv2%2Fcategories&post=3537"},{"taxonomy":"post_tag","embeddable":true,"href":"https:\/\/levangilealecran.com\/index.php?rest_route=%2Fwp%2Fv2%2Ftags&post=3537"}],"curies":[{"name":"wp","href":"https:\/\/api.w.org\/{rel}","templated":true}]}}