{"id":3532,"date":"2026-07-10T07:00:00","date_gmt":"2026-07-10T05:00:00","guid":{"rendered":"https:\/\/levangilealecran.com\/?p=3532"},"modified":"2026-07-09T02:46:10","modified_gmt":"2026-07-09T00:46:10","slug":"15e-dimanche-du-temps-ordinaire-a-10-juillet-2026","status":"publish","type":"post","link":"https:\/\/levangilealecran.com\/?p=3532","title":{"rendered":"15e dimanche du Temps ordinaire \u2013 A \u2013 12 juillet 2026"},"content":{"rendered":"\n<blockquote class=\"wp-block-quote is-layout-flow wp-block-quote-is-layout-flow\">\n<p class=\"wp-block-paragraph\"><strong><em>\u00ab \u00c0 celui qui a, on donnera, et il sera dans l\u2019abondance ; \u00e0 celui qui n\u2019a pas, on enl\u00e8vera m\u00eame ce qu\u2019il a. \u00bb<\/em><\/strong><\/p>\n<cite>(Matthieu 13, 12)<\/cite><\/blockquote>\n\n\n\n<figure class=\"wp-block-video\"><video height=\"1200\" style=\"aspect-ratio: 1200 \/ 1200;\" width=\"1200\" autoplay controls muted src=\"https:\/\/levangilealecran.com\/wp-content\/uploads\/2026\/07\/Evangile-a-LEcran-20260712.mp4\" playsinline><\/video><\/figure>\n\n\n\n<p class=\"wp-block-paragraph\"><strong>DR\u00d4LE DE JUSTICE !<\/strong><\/p>\n\n\n\n<p class=\"wp-block-paragraph\">> Voil\u00e0 une parole de J\u00e9sus qui surprend ! O\u00f9 est la justice dans cette affirmation ? O\u00f9 se cache l\u2019amour dans un tel absolu ? Encore une fois, J\u00e9sus invite \u00e0 reconsid\u00e9rer notre mani\u00e8re \u00ab <em>sage<\/em> \u00bb de diff\u00e9rencier ce qui est juste de ce qui ne l\u2019est pas. Notre mani\u00e8re de faire est chevill\u00e9e \u00e0 notre esprit, mais J\u00e9sus ouvre d\u2019autres perspectives. A travers ces propos, ne cherche-t-il pas \u00e0 r\u00e9veiller son Eglise ? Il y a ceux qui se vantent d\u2019\u00eatre au b\u00e9n\u00e9fice des lumi\u00e8res que la R\u00e9formation a apport\u00e9, et ceux qui campent sur la Tradition. L\u2019important est ailleurs : l\u2019objet de notre foi, n\u2019est-ce pas Christ et sa Parole ?<\/p>\n\n\n\n<p class=\"wp-block-paragraph\">&gt; Aux personnes qui reconnaissent en Christ leur Sauveur et Seigneur, J\u00e9sus promet de leur donner davantage. Cette parole de J\u00e9sus semble injuste, pourtant, elle est un appel \u00e0 la responsabilit\u00e9. Elle enseigne que les dons spirituels &#8211; comme la foi, l&rsquo;amour &#8211; se multiplient lorsqu&rsquo;ils sont partag\u00e9s et mis en pratique. \u00c0 l&rsquo;inverse, l&rsquo;immobilisme spirituel entra\u00eene la perte de ce qui n&rsquo;a pas \u00e9t\u00e9 cultiv\u00e9. Alors, n\u2019h\u00e9sitons pas \u00e0 partager ce que nous recevons de Christ, il nous r\u00e9v\u00e9lera d\u2019autres tr\u00e9sors.<\/p>\n","protected":false},"excerpt":{"rendered":"<p>\u00ab \u00c0 celui qui a, on donnera, et il sera dans l\u2019abondance ; \u00e0 celui qui n\u2019a pas, on enl\u00e8vera m\u00eame ce qu\u2019il a. \u00bb (Matthieu 13, 12) DR\u00d4LE DE JUSTICE ! > Voil\u00e0 une parole de J\u00e9sus qui surprend ! O\u00f9 est la justice dans cette affirmation ? O\u00f9 se cache l\u2019amour dans un tel absolu ? Encore une fois, J\u00e9sus invite \u00e0 reconsid\u00e9rer notre mani\u00e8re \u00ab sage \u00bb de diff\u00e9rencier ce qui est juste de ce qui ne l\u2019est pas. Notre mani\u00e8re de faire est chevill\u00e9e \u00e0 notre esprit, mais J\u00e9sus ouvre d\u2019autres perspectives. A travers ces propos, ne cherche-t-il pas \u00e0 r\u00e9veiller son Eglise ? Il y \u2026 <a class=\"continue-reading-link\" href=\"https:\/\/levangilealecran.com\/?p=3532\"> Continue reading <span class=\"meta-nav\">&rarr; <\/span><\/a><\/p>\n","protected":false},"author":2005,"featured_media":0,"comment_status":"open","ping_status":"open","sticky":false,"template":"","format":"standard","meta":{"footnotes":""},"categories":[4,8],"tags":[],"class_list":["post-3532","post","type-post","status-publish","format-standard","hentry","category-dimanche","category-matthieu"],"_links":{"self":[{"href":"https:\/\/levangilealecran.com\/index.php?rest_route=\/wp\/v2\/posts\/3532","targetHints":{"allow":["GET"]}}],"collection":[{"href":"https:\/\/levangilealecran.com\/index.php?rest_route=\/wp\/v2\/posts"}],"about":[{"href":"https:\/\/levangilealecran.com\/index.php?rest_route=\/wp\/v2\/types\/post"}],"author":[{"embeddable":true,"href":"https:\/\/levangilealecran.com\/index.php?rest_route=\/wp\/v2\/users\/2005"}],"replies":[{"embeddable":true,"href":"https:\/\/levangilealecran.com\/index.php?rest_route=%2Fwp%2Fv2%2Fcomments&post=3532"}],"version-history":[{"count":2,"href":"https:\/\/levangilealecran.com\/index.php?rest_route=\/wp\/v2\/posts\/3532\/revisions"}],"predecessor-version":[{"id":3535,"href":"https:\/\/levangilealecran.com\/index.php?rest_route=\/wp\/v2\/posts\/3532\/revisions\/3535"}],"wp:attachment":[{"href":"https:\/\/levangilealecran.com\/index.php?rest_route=%2Fwp%2Fv2%2Fmedia&parent=3532"}],"wp:term":[{"taxonomy":"category","embeddable":true,"href":"https:\/\/levangilealecran.com\/index.php?rest_route=%2Fwp%2Fv2%2Fcategories&post=3532"},{"taxonomy":"post_tag","embeddable":true,"href":"https:\/\/levangilealecran.com\/index.php?rest_route=%2Fwp%2Fv2%2Ftags&post=3532"}],"curies":[{"name":"wp","href":"https:\/\/api.w.org\/{rel}","templated":true}]}}