{"id":3528,"date":"2026-07-03T07:00:00","date_gmt":"2026-07-03T05:00:00","guid":{"rendered":"https:\/\/levangilealecran.com\/?p=3528"},"modified":"2026-07-02T16:41:40","modified_gmt":"2026-07-02T14:41:40","slug":"14e-dimanche-du-temps-ordinaire-a-5-juillet-2026","status":"publish","type":"post","link":"https:\/\/levangilealecran.com\/?p=3528","title":{"rendered":"14e dimanche du Temps ordinaire \u2013 A \u2013 5 juillet 2026"},"content":{"rendered":"\n<blockquote class=\"wp-block-quote is-layout-flow wp-block-quote-is-layout-flow\">\n<p class=\"wp-block-paragraph\">\u00ab P\u00e8re, Seigneur du ciel et de la terre, je proclame ta louange : ce que tu as cach\u00e9 aux sages et aux savants, tu l\u2019as r\u00e9v\u00e9l\u00e9 aux tout-petits. \u00bb<\/p>\n<cite>(Matthieu 11,25)<\/cite><\/blockquote>\n\n\n\n<figure class=\"wp-block-video\"><video height=\"1200\" style=\"aspect-ratio: 1200 \/ 1200;\" width=\"1200\" autoplay controls muted src=\"https:\/\/levangilealecran.com\/wp-content\/uploads\/2026\/07\/Evangile-a-LEcran-20260705.mp4\" playsinline><\/video><\/figure>\n\n\n\n<p class=\"wp-block-paragraph\">&gt; Lorsqu\u2019on \u00e9coute les enfants parler de Dieu, ce verset prend tout son sens. Ils le connaissent bien mieux que les adultes et, dans la simplicit\u00e9 et la puret\u00e9 de leur c\u0153ur, savent parfaitement parler de Lui.<\/p>\n\n\n\n<p class=\"wp-block-paragraph\">&gt; Je me souviens, ainsi, d\u2019un petit bonhomme qui demandait ce que signifie \u00ab Notre P\u00e8re qui es aux Cieux \u00bb. Quand on lui a expliqu\u00e9 que le mot \u00ab Cieux \u00bb signifiait \u00ab Ciel \u00bb, il a fronc\u00e9 les sourcils et regard\u00e9 le sol. \u00ab Le ciel, m\u2019a-t-il dit, \u00e7a commence\u2026 juste l\u00e0, juste au-dessus du sol, n\u2019est-ce pas ? Tout \u00e7a, autour de moi, c\u2019est le ciel, il n\u2019y a que mes pieds qui touchent le sol, c\u2019est juste ? \u00bb &#8211; \u00ab Oui, tu as raison. \u00bb &#8211; \u00ab Alors si Dieu est au Ciel, c\u2019est qu\u2019il est l\u00e0, tout autour de nous, pas seulement tout l\u00e0-haut. \u00bb<\/p>\n\n\n\n<p class=\"wp-block-paragraph\">&gt; \u00c9coutons les enfants nous parler de Dieu, \u00e7a vaut tous les trait\u00e9s de th\u00e9ologie du monde !<\/p>\n","protected":false},"excerpt":{"rendered":"<p>\u00ab P\u00e8re, Seigneur du ciel et de la terre, je proclame ta louange : ce que tu as cach\u00e9 aux sages et aux savants, tu l\u2019as r\u00e9v\u00e9l\u00e9 aux tout-petits. \u00bb (Matthieu 11,25) &gt; Lorsqu\u2019on \u00e9coute les enfants parler de Dieu, ce verset prend tout son sens. Ils le connaissent bien mieux que les adultes et, dans la simplicit\u00e9 et la puret\u00e9 de leur c\u0153ur, savent parfaitement parler de Lui. &gt; Je me souviens, ainsi, d\u2019un petit bonhomme qui demandait ce que signifie \u00ab Notre P\u00e8re qui es aux Cieux \u00bb. Quand on lui a expliqu\u00e9 que le mot \u00ab Cieux \u00bb signifiait \u00ab Ciel \u00bb, il a fronc\u00e9 les sourcils \u2026 <a class=\"continue-reading-link\" href=\"https:\/\/levangilealecran.com\/?p=3528\"> Continue reading <span class=\"meta-nav\">&rarr; <\/span><\/a><\/p>\n","protected":false},"author":2005,"featured_media":0,"comment_status":"open","ping_status":"open","sticky":false,"template":"","format":"standard","meta":{"footnotes":""},"categories":[4,8],"tags":[],"class_list":["post-3528","post","type-post","status-publish","format-standard","hentry","category-dimanche","category-matthieu"],"_links":{"self":[{"href":"https:\/\/levangilealecran.com\/index.php?rest_route=\/wp\/v2\/posts\/3528","targetHints":{"allow":["GET"]}}],"collection":[{"href":"https:\/\/levangilealecran.com\/index.php?rest_route=\/wp\/v2\/posts"}],"about":[{"href":"https:\/\/levangilealecran.com\/index.php?rest_route=\/wp\/v2\/types\/post"}],"author":[{"embeddable":true,"href":"https:\/\/levangilealecran.com\/index.php?rest_route=\/wp\/v2\/users\/2005"}],"replies":[{"embeddable":true,"href":"https:\/\/levangilealecran.com\/index.php?rest_route=%2Fwp%2Fv2%2Fcomments&post=3528"}],"version-history":[{"count":1,"href":"https:\/\/levangilealecran.com\/index.php?rest_route=\/wp\/v2\/posts\/3528\/revisions"}],"predecessor-version":[{"id":3530,"href":"https:\/\/levangilealecran.com\/index.php?rest_route=\/wp\/v2\/posts\/3528\/revisions\/3530"}],"wp:attachment":[{"href":"https:\/\/levangilealecran.com\/index.php?rest_route=%2Fwp%2Fv2%2Fmedia&parent=3528"}],"wp:term":[{"taxonomy":"category","embeddable":true,"href":"https:\/\/levangilealecran.com\/index.php?rest_route=%2Fwp%2Fv2%2Fcategories&post=3528"},{"taxonomy":"post_tag","embeddable":true,"href":"https:\/\/levangilealecran.com\/index.php?rest_route=%2Fwp%2Fv2%2Ftags&post=3528"}],"curies":[{"name":"wp","href":"https:\/\/api.w.org\/{rel}","templated":true}]}}