{"id":3522,"date":"2026-06-26T07:00:00","date_gmt":"2026-06-26T05:00:00","guid":{"rendered":"https:\/\/levangilealecran.com\/?p=3522"},"modified":"2026-06-26T01:06:34","modified_gmt":"2026-06-25T23:06:34","slug":"13e-dimanche-du-temps-ordinaire-a-28-juin-2026","status":"publish","type":"post","link":"https:\/\/levangilealecran.com\/?p=3522","title":{"rendered":"13e dimanche du Temps ordinaire \u2013 A \u2013 28 juin 2026"},"content":{"rendered":"\n<blockquote class=\"wp-block-quote is-layout-flow wp-block-quote-is-layout-flow\">\n<p class=\"wp-block-paragraph\"><strong><em>\u00ab Celui qui ne prend pas sa croix et ne me suit pas n\u2019est pas digne de moi. \u00bb<\/em><\/strong><\/p>\n<cite><strong><em>(Mt 10, 38)<\/em><\/strong><\/cite><\/blockquote>\n\n\n\n<figure class=\"wp-block-video\"><video height=\"1200\" style=\"aspect-ratio: 1200 \/ 1200;\" width=\"1200\" autoplay controls muted src=\"https:\/\/levangilealecran.com\/wp-content\/uploads\/2026\/06\/Evangile-a-LEcran-20260628.mp4\" playsinline><\/video><\/figure>\n\n\n\n<p class=\"wp-block-paragraph\">> Quand m\u00eame, quand on y pense, il y a quelque chose de fou dans cette histoire de \u00ab <em>prendre sa croix<\/em> \u00bb\u2026 J\u00e9sus prononce ces mots <strong>avant sa crucifixion<\/strong> ! Pour les disciples, la croix n\u2019est pas encore charg\u00e9e du sens que nous lui donnons \u00e0 la lumi\u00e8re de P\u00e2ques et de la r\u00e9surrection. \u00c0 cette \u00e9poque, la croix \u00e9voque le condamn\u00e9 conduit publiquement vers sa mort. Par cette image extr\u00eame, J\u00e9sus avertit ses disciples : le suivre peut co\u00fbter cher, jusqu\u2019\u00e0 faire perdre l\u2019approbation de sa famille ou des autres, sa s\u00e9curit\u00e9, voire sa vie\u2026 Et ce n\u2019est sans doute pas pour rien que J\u00e9sus emploie une image aussi forte, lui qui sait ce qu\u2019elle signifiera bient\u00f4t pour lui.<\/p>\n\n\n\n<p class=\"wp-block-paragraph\">> \u00ab <em>Prendre sa croix<\/em> \u00bb, c\u2019est choisir de suivre le Christ l\u00e0 o\u00f9 il appelle, m\u00eame lorsque cela co\u00fbte. Cette semaine, demandons-nous : <em>y a-t-il quelque chose que je retiens par peur de perdre l\u2019approbation, la s\u00e9curit\u00e9 ou le regard des autres<\/em> ? Qu\u2019il nous donne la confiance de marcher \u00e0 sa suite m\u00eame lorsque son chemin nous demande de l\u00e2cher ce que nous voudrions garder. Amen.<\/p>\n","protected":false},"excerpt":{"rendered":"<p>\u00ab Celui qui ne prend pas sa croix et ne me suit pas n\u2019est pas digne de moi. \u00bb (Mt 10, 38) > Quand m\u00eame, quand on y pense, il y a quelque chose de fou dans cette histoire de \u00ab prendre sa croix \u00bb\u2026 J\u00e9sus prononce ces mots avant sa crucifixion ! Pour les disciples, la croix n\u2019est pas encore charg\u00e9e du sens que nous lui donnons \u00e0 la lumi\u00e8re de P\u00e2ques et de la r\u00e9surrection. \u00c0 cette \u00e9poque, la croix \u00e9voque le condamn\u00e9 conduit publiquement vers sa mort. Par cette image extr\u00eame, J\u00e9sus avertit ses disciples : le suivre peut co\u00fbter cher, jusqu\u2019\u00e0 faire perdre l\u2019approbation de sa \u2026 <a class=\"continue-reading-link\" href=\"https:\/\/levangilealecran.com\/?p=3522\"> Continue reading <span class=\"meta-nav\">&rarr; <\/span><\/a><\/p>\n","protected":false},"author":2005,"featured_media":0,"comment_status":"open","ping_status":"open","sticky":false,"template":"","format":"standard","meta":{"footnotes":""},"categories":[4,8],"tags":[],"class_list":["post-3522","post","type-post","status-publish","format-standard","hentry","category-dimanche","category-matthieu"],"_links":{"self":[{"href":"https:\/\/levangilealecran.com\/index.php?rest_route=\/wp\/v2\/posts\/3522","targetHints":{"allow":["GET"]}}],"collection":[{"href":"https:\/\/levangilealecran.com\/index.php?rest_route=\/wp\/v2\/posts"}],"about":[{"href":"https:\/\/levangilealecran.com\/index.php?rest_route=\/wp\/v2\/types\/post"}],"author":[{"embeddable":true,"href":"https:\/\/levangilealecran.com\/index.php?rest_route=\/wp\/v2\/users\/2005"}],"replies":[{"embeddable":true,"href":"https:\/\/levangilealecran.com\/index.php?rest_route=%2Fwp%2Fv2%2Fcomments&post=3522"}],"version-history":[{"count":2,"href":"https:\/\/levangilealecran.com\/index.php?rest_route=\/wp\/v2\/posts\/3522\/revisions"}],"predecessor-version":[{"id":3526,"href":"https:\/\/levangilealecran.com\/index.php?rest_route=\/wp\/v2\/posts\/3522\/revisions\/3526"}],"wp:attachment":[{"href":"https:\/\/levangilealecran.com\/index.php?rest_route=%2Fwp%2Fv2%2Fmedia&parent=3522"}],"wp:term":[{"taxonomy":"category","embeddable":true,"href":"https:\/\/levangilealecran.com\/index.php?rest_route=%2Fwp%2Fv2%2Fcategories&post=3522"},{"taxonomy":"post_tag","embeddable":true,"href":"https:\/\/levangilealecran.com\/index.php?rest_route=%2Fwp%2Fv2%2Ftags&post=3522"}],"curies":[{"name":"wp","href":"https:\/\/api.w.org\/{rel}","templated":true}]}}