{"id":3517,"date":"2026-06-19T07:00:00","date_gmt":"2026-06-19T05:00:00","guid":{"rendered":"https:\/\/levangilealecran.com\/?p=3517"},"modified":"2026-06-19T00:17:53","modified_gmt":"2026-06-18T22:17:53","slug":"11e-dimanche-du-temps-ordinaire-a-14-juin-2026-2","status":"publish","type":"post","link":"https:\/\/levangilealecran.com\/?p=3517","title":{"rendered":"12e dimanche du temps ordinaire \u2013 A \u2013 21 juin 2026"},"content":{"rendered":"\n<blockquote class=\"wp-block-quote is-layout-flow wp-block-quote-is-layout-flow\">\n<p class=\"wp-block-paragraph\"><em><strong>\u00ab Ce que je vous dis dans les t\u00e9n\u00e8bres, dites-le en pleine lumi\u00e8re\u00a0; ce que vous entendez au creux de l\u2019oreille, proclamez-le sur les toits\u00bb<\/strong><\/em><\/p>\n<cite><em><strong> (Mt 10, 27)<\/strong><\/em><\/cite><\/blockquote>\n\n\n\n<figure class=\"wp-block-video\"><video height=\"1200\" style=\"aspect-ratio: 1200 \/ 1200;\" width=\"1200\" autoplay controls muted src=\"https:\/\/levangilealecran.com\/wp-content\/uploads\/2026\/06\/Evangile-a-LEcran-20260621.mp4\" playsinline><\/video><figcaption class=\"wp-element-caption\">(Image \u00ab<em>whispering<\/em>\u00bb de <em>Igor Kocka<\/em> sur Pixabay. Libre de droit)<\/figcaption><\/figure>\n\n\n\n<p class=\"wp-block-paragraph\"><strong><em>Pistes a suivre<\/em><\/strong><\/p>\n\n\n\n<p class=\"wp-block-paragraph\">&gt; Apr\u00e8s que J\u00e9sus a eu annonc\u00e9 des pers\u00e9cutions, voil\u00e0 qu\u2019il poursuit son discours par un tonitruant&nbsp;: Ne les craignez pas&nbsp;! Viennent ensuite les indications sur la conduite \u00e0 tenir&nbsp;quant \u00e0 ce qui est entendu et ce qui est dit. Ne nous dit-il pas d\u2019aller par le monde proclamer l\u2019\u00c9vangile&nbsp;? Une mission qui peut effrayer&nbsp;! J\u00e9sus propose le contre-pied de la crainte&nbsp;: le courage. La force est \u00e0 aller chercher dans ce qui est entendu aux creux de l\u2019oreille, dans ce rapport intime avec Celui qui est l\u00e0 dans les t\u00e9n\u00e8bres, dans le secret, dans le dialogue priant avec Dieu (Mt 6, 6). Il d\u00e9stabilise bien souvent, il \u00e9claire Sa volont\u00e9, il donne Sa paix (Philippiens 4, 7).<\/p>\n\n\n\n<p class=\"wp-block-paragraph\">&gt; Puisque cette paix garde nos c\u0153urs et nos pens\u00e9es dans le Christ J\u00e9sus, alors nous pouvons passer des t\u00e9n\u00e8bres \u00e0 son admirable lumi\u00e8re et proclamer sans crainte Son amour et Sa justice. N\u2019h\u00e9sitons plus que notre foi intime devienne une foi assum\u00e9e et partag\u00e9e.<\/p>\n","protected":false},"excerpt":{"rendered":"<p>\u00ab Ce que je vous dis dans les t\u00e9n\u00e8bres, dites-le en pleine lumi\u00e8re\u00a0; ce que vous entendez au creux de l\u2019oreille, proclamez-le sur les toits\u00bb (Mt 10, 27) Pistes a suivre &gt; Apr\u00e8s que J\u00e9sus a eu annonc\u00e9 des pers\u00e9cutions, voil\u00e0 qu\u2019il poursuit son discours par un tonitruant&nbsp;: Ne les craignez pas&nbsp;! Viennent ensuite les indications sur la conduite \u00e0 tenir&nbsp;quant \u00e0 ce qui est entendu et ce qui est dit. Ne nous dit-il pas d\u2019aller par le monde proclamer l\u2019\u00c9vangile&nbsp;? Une mission qui peut effrayer&nbsp;! J\u00e9sus propose le contre-pied de la crainte&nbsp;: le courage. La force est \u00e0 aller chercher dans ce qui est entendu aux creux de l\u2019oreille, \u2026 <a class=\"continue-reading-link\" href=\"https:\/\/levangilealecran.com\/?p=3517\"> Continue reading <span class=\"meta-nav\">&rarr; <\/span><\/a><\/p>\n","protected":false},"author":2005,"featured_media":0,"comment_status":"open","ping_status":"open","sticky":false,"template":"","format":"standard","meta":{"footnotes":""},"categories":[4,8],"tags":[],"class_list":["post-3517","post","type-post","status-publish","format-standard","hentry","category-dimanche","category-matthieu"],"_links":{"self":[{"href":"https:\/\/levangilealecran.com\/index.php?rest_route=\/wp\/v2\/posts\/3517","targetHints":{"allow":["GET"]}}],"collection":[{"href":"https:\/\/levangilealecran.com\/index.php?rest_route=\/wp\/v2\/posts"}],"about":[{"href":"https:\/\/levangilealecran.com\/index.php?rest_route=\/wp\/v2\/types\/post"}],"author":[{"embeddable":true,"href":"https:\/\/levangilealecran.com\/index.php?rest_route=\/wp\/v2\/users\/2005"}],"replies":[{"embeddable":true,"href":"https:\/\/levangilealecran.com\/index.php?rest_route=%2Fwp%2Fv2%2Fcomments&post=3517"}],"version-history":[{"count":2,"href":"https:\/\/levangilealecran.com\/index.php?rest_route=\/wp\/v2\/posts\/3517\/revisions"}],"predecessor-version":[{"id":3520,"href":"https:\/\/levangilealecran.com\/index.php?rest_route=\/wp\/v2\/posts\/3517\/revisions\/3520"}],"wp:attachment":[{"href":"https:\/\/levangilealecran.com\/index.php?rest_route=%2Fwp%2Fv2%2Fmedia&parent=3517"}],"wp:term":[{"taxonomy":"category","embeddable":true,"href":"https:\/\/levangilealecran.com\/index.php?rest_route=%2Fwp%2Fv2%2Fcategories&post=3517"},{"taxonomy":"post_tag","embeddable":true,"href":"https:\/\/levangilealecran.com\/index.php?rest_route=%2Fwp%2Fv2%2Ftags&post=3517"}],"curies":[{"name":"wp","href":"https:\/\/api.w.org\/{rel}","templated":true}]}}