{"id":351,"date":"2013-09-06T11:14:02","date_gmt":"2013-09-06T09:14:02","guid":{"rendered":"http:\/\/levangilealecran.com?p=351"},"modified":"2013-09-11T16:34:00","modified_gmt":"2013-09-11T14:34:00","slug":"23e-dimanche-c","status":"publish","type":"post","link":"https:\/\/levangilealecran.com\/?p=351","title":{"rendered":"23e dimanche &#8211; C"},"content":{"rendered":"<p style=\"text-align: justify;\">\u00ab Et quel est le roi qui part en guerre contre un autre roi, et qui ne commence pas par s&rsquo;asseoir pour voir s&rsquo;il peut, avec dix mille hommes, affronter l&rsquo;autre qui vient l&rsquo;attaquer avec vingt mille ?<\/p>\n<p style=\"text-align: justify;\">S&rsquo;il ne le peut pas, il envoie, pendant que l&rsquo;autre est encore loin, une d\u00e9l\u00e9gation pour demander la paix. \u00bb Luc 14, 31-32<\/p>\n<p style=\"text-align: justify;\">A petite comme \u00e0 grande \u00e9chelle, la paix est \u00e0 construire urgemment ! Cette semaine nous nous proposons d\u2019unir de toutes tes forces notre pri\u00e8re \u00e0 celle de tous ceux \u00e0 travers le monde qui cherchent la paix en ces temps troubl\u00e9s.<\/p>\n<p style=\"text-align: justify;\">Mais voil\u00e0, s\u2019asseoir pour r\u00e9fl\u00e9chir afin de trouver la paix et \u00e9viter la guerre c\u2019est valable pour nous aussi. Que l\u2019actualit\u00e9 br\u00fblante nous rappelle nos devoirs particuliers : lutter de tout c\u0153ur pour la paix \u00e0 chaque instant, \u00e0 chaque rencontre, \u00e0 chaque mot prononc\u00e9\u2026 C\u2019est par l\u00e0 que nous \u00e9vitons les conflits !<\/p>\n","protected":false},"excerpt":{"rendered":"<p>\u00ab Et quel est le roi qui part en guerre contre un autre roi, et qui ne commence pas par s&rsquo;asseoir pour voir s&rsquo;il peut, avec dix mille hommes, affronter l&rsquo;autre qui vient l&rsquo;attaquer avec vingt mille ? S&rsquo;il ne le peut pas, il envoie, pendant que l&rsquo;autre est encore loin, une d\u00e9l\u00e9gation pour demander la paix. \u00bb Luc 14, 31-32 A petite comme \u00e0 grande \u00e9chelle, la paix est \u00e0 construire urgemment ! Cette semaine nous nous proposons d\u2019unir de toutes tes forces notre pri\u00e8re \u00e0 celle de tous ceux \u00e0 travers le monde qui cherchent la paix en ces temps troubl\u00e9s. Mais voil\u00e0, s\u2019asseoir pour r\u00e9fl\u00e9chir afin de \u2026 <a class=\"continue-reading-link\" href=\"https:\/\/levangilealecran.com\/?p=351\"> Continue reading <span class=\"meta-nav\">&rarr; <\/span><\/a><\/p>\n","protected":false},"author":1,"featured_media":0,"comment_status":"open","ping_status":"open","sticky":false,"template":"","format":"standard","meta":{"footnotes":""},"categories":[4,6],"tags":[431,19,31],"class_list":["post-351","post","type-post","status-publish","format-standard","hentry","category-dimanche","category-luc","tag-luc","tag-paix","tag-priere"],"_links":{"self":[{"href":"https:\/\/levangilealecran.com\/index.php?rest_route=\/wp\/v2\/posts\/351","targetHints":{"allow":["GET"]}}],"collection":[{"href":"https:\/\/levangilealecran.com\/index.php?rest_route=\/wp\/v2\/posts"}],"about":[{"href":"https:\/\/levangilealecran.com\/index.php?rest_route=\/wp\/v2\/types\/post"}],"author":[{"embeddable":true,"href":"https:\/\/levangilealecran.com\/index.php?rest_route=\/wp\/v2\/users\/1"}],"replies":[{"embeddable":true,"href":"https:\/\/levangilealecran.com\/index.php?rest_route=%2Fwp%2Fv2%2Fcomments&post=351"}],"version-history":[{"count":2,"href":"https:\/\/levangilealecran.com\/index.php?rest_route=\/wp\/v2\/posts\/351\/revisions"}],"predecessor-version":[{"id":356,"href":"https:\/\/levangilealecran.com\/index.php?rest_route=\/wp\/v2\/posts\/351\/revisions\/356"}],"wp:attachment":[{"href":"https:\/\/levangilealecran.com\/index.php?rest_route=%2Fwp%2Fv2%2Fmedia&parent=351"}],"wp:term":[{"taxonomy":"category","embeddable":true,"href":"https:\/\/levangilealecran.com\/index.php?rest_route=%2Fwp%2Fv2%2Fcategories&post=351"},{"taxonomy":"post_tag","embeddable":true,"href":"https:\/\/levangilealecran.com\/index.php?rest_route=%2Fwp%2Fv2%2Ftags&post=351"}],"curies":[{"name":"wp","href":"https:\/\/api.w.org\/{rel}","templated":true}]}}