{"id":3508,"date":"2026-06-05T07:00:00","date_gmt":"2026-06-05T05:00:00","guid":{"rendered":"https:\/\/levangilealecran.com\/?p=3508"},"modified":"2026-06-04T17:31:14","modified_gmt":"2026-06-04T15:31:14","slug":"fete-dieu-a-7-juin-2026","status":"publish","type":"post","link":"https:\/\/levangilealecran.com\/?p=3508","title":{"rendered":"F\u00eate-Dieu \u2013 A &#8211; 7 juin 2026"},"content":{"rendered":"\n<blockquote class=\"wp-block-quote is-layout-flow wp-block-quote-is-layout-flow\">\n<p class=\"wp-block-paragraph\"><em>Les Juifs se querellaient entre eux : \u00ab Comment celui-l\u00e0 peut-il nous donner sa chair \u00e0 manger ?<\/em><\/p>\n<cite>(Jean 6, 52)<\/cite><\/blockquote>\n\n\n\n<figure class=\"wp-block-video\"><video height=\"1200\" style=\"aspect-ratio: 1200 \/ 1200;\" width=\"1200\" autoplay controls muted src=\"https:\/\/levangilealecran.com\/wp-content\/uploads\/2026\/06\/Evangile-a-LEcran-20260607.mp4\" playsinline><\/video><\/figure>\n\n\n\n<p class=\"wp-block-paragraph\"><strong>\u00ab \u00a0Des paroles indigestes pour une nourriture \u00e9ternelle\u00a0! \u00bb<\/strong><\/p>\n\n\n\n<p class=\"wp-block-paragraph\">Vous est-il d\u00e9j\u00e0 arriv\u00e9 de vous trouver devant quelqu\u2019un qui fait preuve de mauvaise foi ? Qui a d\u00e9cid\u00e9 que vous n\u2019\u00eates pas digne de confiance voire m\u00e9chant, aveugl\u00e9 par un pr\u00e9jug\u00e9 ou un autre angle mort dans son regard sur vous ?<br>Vous avez beau essayer par tous les moyens de la faire changer de regard, la personne vous a class\u00e9, et rien ne semble pouvoir le changer\u2026<\/p>\n\n\n\n<p class=\"wp-block-paragraph\">&gt; Depuis t\u00f4t dans son minist\u00e8re, J\u00e9sus s\u2019est trouv\u00e9 non pas devant une seule personne de ce genre, mais face \u00e0 tout un groupe d\u2019entre les responsables juifs. Prisonniers de leur perception de J\u00e9sus comme un concurrent de leur autorit\u00e9 religieuse, ils finiront par le faire ex\u00e9cuter de mani\u00e8re on ne peut plus injuste.<\/p>\n\n\n\n<p class=\"wp-block-paragraph\">&gt; Face \u00e0 cette obstination, J\u00e9sus avance des paroles de plus en plus indigestes. Dans le contexte juif de l\u2019\u00e9poque, et \u00e0 la lumi\u00e8re de la Loi, \u00ab manger la chair \u00bb et \u00ab boire le sang \u00bb de quelqu\u2019un est tout simplement impensable et serait d\u2019une impi\u00e9t\u00e9 sans \u00e9gale. C\u2019est pourtant le menu que J\u00e9sus leur offre, en toute conscience que ces propos sont indigestes et inacceptables. Pas \u00e9tonnant que ses contestataires sont de plus en plus perdus, y compris de nombreux disciples (6.60-66).<\/p>\n\n\n\n<p class=\"wp-block-paragraph\">> Plus en profondeur, <strong>J\u00e9sus <\/strong>se pr\u00e9sente pourtant comme <strong>la source de la vie \u00e9ternelle<\/strong> : \u00ab C\u2019est moi qui suis le pain de la vie. Celui qui vient \u00e0 moi n\u2019aura jamais faim, et celui qui met sa foi en moi n\u2019aura jamais soif. \u00bb (6.35) Et :<em> \u00ab La volont\u00e9 de mon P\u00e8re, en effet, c\u2019est que <strong>quiconque voit le Fils et met sa foi en lui ait la vie \u00e9ternelle ; et moi, je le rel\u00e8verai au dernier jour. <\/strong>\u00bb <\/em>(6.40) Nulle part ailleurs J\u00e9sus n\u2019insiste si fortement sur le cadeau de la vie \u00e9ternelle et la certitude de la r\u00e9surrection pour ceux qui croient en lui. Pourtant, \u00e0 la fin du chapitre beaucoup l\u2019abandonnent.<\/p>\n\n\n\n<p class=\"wp-block-paragraph\">Nous connaissons tous des personnes qui nous sont pr\u00e9cieuses mais qui restent ferm\u00e9es \u00e0 l\u2019\u00c9vangile. Reprenons courage. La puissance et la beaut\u00e9 du salut offert en J\u00e9sus-Christ valent bien que nous en rendions t\u00e9moignage jusqu\u2019\u00e0 notre dernier souffle !<\/p>\n","protected":false},"excerpt":{"rendered":"<p>Les Juifs se querellaient entre eux : \u00ab Comment celui-l\u00e0 peut-il nous donner sa chair \u00e0 manger ? (Jean 6, 52) \u00ab \u00a0Des paroles indigestes pour une nourriture \u00e9ternelle\u00a0! \u00bb Vous est-il d\u00e9j\u00e0 arriv\u00e9 de vous trouver devant quelqu\u2019un qui fait preuve de mauvaise foi ? Qui a d\u00e9cid\u00e9 que vous n\u2019\u00eates pas digne de confiance voire m\u00e9chant, aveugl\u00e9 par un pr\u00e9jug\u00e9 ou un autre angle mort dans son regard sur vous ?Vous avez beau essayer par tous les moyens de la faire changer de regard, la personne vous a class\u00e9, et rien ne semble pouvoir le changer\u2026 &gt; Depuis t\u00f4t dans son minist\u00e8re, J\u00e9sus s\u2019est trouv\u00e9 non pas devant \u2026 <a class=\"continue-reading-link\" href=\"https:\/\/levangilealecran.com\/?p=3508\"> Continue reading <span class=\"meta-nav\">&rarr; <\/span><\/a><\/p>\n","protected":false},"author":2005,"featured_media":0,"comment_status":"open","ping_status":"open","sticky":false,"template":"","format":"standard","meta":{"footnotes":""},"categories":[4,24,5],"tags":[],"class_list":["post-3508","post","type-post","status-publish","format-standard","hentry","category-dimanche","category-fetes","category-jean"],"_links":{"self":[{"href":"https:\/\/levangilealecran.com\/index.php?rest_route=\/wp\/v2\/posts\/3508","targetHints":{"allow":["GET"]}}],"collection":[{"href":"https:\/\/levangilealecran.com\/index.php?rest_route=\/wp\/v2\/posts"}],"about":[{"href":"https:\/\/levangilealecran.com\/index.php?rest_route=\/wp\/v2\/types\/post"}],"author":[{"embeddable":true,"href":"https:\/\/levangilealecran.com\/index.php?rest_route=\/wp\/v2\/users\/2005"}],"replies":[{"embeddable":true,"href":"https:\/\/levangilealecran.com\/index.php?rest_route=%2Fwp%2Fv2%2Fcomments&post=3508"}],"version-history":[{"count":1,"href":"https:\/\/levangilealecran.com\/index.php?rest_route=\/wp\/v2\/posts\/3508\/revisions"}],"predecessor-version":[{"id":3510,"href":"https:\/\/levangilealecran.com\/index.php?rest_route=\/wp\/v2\/posts\/3508\/revisions\/3510"}],"wp:attachment":[{"href":"https:\/\/levangilealecran.com\/index.php?rest_route=%2Fwp%2Fv2%2Fmedia&parent=3508"}],"wp:term":[{"taxonomy":"category","embeddable":true,"href":"https:\/\/levangilealecran.com\/index.php?rest_route=%2Fwp%2Fv2%2Fcategories&post=3508"},{"taxonomy":"post_tag","embeddable":true,"href":"https:\/\/levangilealecran.com\/index.php?rest_route=%2Fwp%2Fv2%2Ftags&post=3508"}],"curies":[{"name":"wp","href":"https:\/\/api.w.org\/{rel}","templated":true}]}}