{"id":3504,"date":"2026-05-29T07:00:00","date_gmt":"2026-05-29T05:00:00","guid":{"rendered":"https:\/\/levangilealecran.com\/?p=3504"},"modified":"2026-05-28T14:52:57","modified_gmt":"2026-05-28T12:52:57","slug":"dimanche-de-la-trinite-a-31-mai-2026","status":"publish","type":"post","link":"https:\/\/levangilealecran.com\/?p=3504","title":{"rendered":"Dimanche de la Trinit\u00e9 &#8211; A &#8211; 31 mai 2026"},"content":{"rendered":"\n<blockquote class=\"wp-block-quote is-layout-flow wp-block-quote-is-layout-flow\">\n<p class=\"wp-block-paragraph\">\u00ab Dieu a tant aim\u00e9 le monde qu\u2019il a donn\u00e9 son Fils unique, afin que quiconque croit en lui ne se perde pas, mais ait la vie. \u00bb<\/p>\n<cite>(Jean 3, 16)<\/cite><\/blockquote>\n\n\n\n<figure class=\"wp-block-video\"><video height=\"1200\" style=\"aspect-ratio: 1200 \/ 1200;\" width=\"1200\" autoplay controls muted src=\"https:\/\/levangilealecran.com\/wp-content\/uploads\/2026\/05\/Evangile-a-LEcran-20260531.mp4\" playsinline><\/video><\/figure>\n\n\n\n<p class=\"wp-block-paragraph\">&gt; Vous aimez le monde, vous??? Moi pas trop ces temps&#8230;.<\/p>\n\n\n\n<p class=\"wp-block-paragraph\">Que veut dire \u00ab le monde \u00bb ici? Le mot grec est \u00ab cosmos \u00bb. Il ne d\u00e9signe pas seulement la plan\u00e8te, mais un ordre juste et beau, un ensemble bien accord\u00e9, comme un corps o\u00f9 chaque membre a sa place.<\/p>\n\n\n\n<p class=\"wp-block-paragraph\">En d\u2019autres termes: non pas seulement le monde tel que nous le voyons aujourd\u2019hui \u2013 parfois ab\u00eem\u00e9, tordu, pollu\u00e9 et avili \u2013 mais le projet de Dieu pour nous, son intention bonne: un monde r\u00e9concili\u00e9, solidaire, vivant.<\/p>\n\n\n\n<p class=\"wp-block-paragraph\">&gt; Dieu aime ce monde-projet. C\u2019est pour cela que le Christ est venu: pour que nous ne nous perdions pas dans nos peurs, nos questions, nos \u00e9preuves, mais que nous recevions la vie, d\u00e8s maintenant.<\/p>\n\n\n\n<p class=\"wp-block-paragraph\">&gt; Alors, comment ce monde aim\u00e9 de Dieu devient-il visible? Pas par la loi du plus fort, du plus performant, du plus malin. Il appara\u00eet quand nous choisissons la loi de l\u2019amour.<\/p>\n\n\n\n<p class=\"wp-block-paragraph\">L\u00e0 o\u00f9 l\u2019amour est v\u00e9cu, un autre monde se dessine d\u00e9j\u00e0. C\u2019est ce que la Bible appelle le Royaume de Dieu: la pr\u00e9sence de Dieu en J\u00e9sus-Christ, au milieu de nous, par sa gr\u00e2ce.<\/p>\n\n\n\n<p class=\"wp-block-paragraph\">&gt; A nos pinceaux alors!<\/p>\n","protected":false},"excerpt":{"rendered":"<p>\u00ab Dieu a tant aim\u00e9 le monde qu\u2019il a donn\u00e9 son Fils unique, afin que quiconque croit en lui ne se perde pas, mais ait la vie. \u00bb (Jean 3, 16) &gt; Vous aimez le monde, vous??? Moi pas trop ces temps&#8230;. Que veut dire \u00ab le monde \u00bb ici? Le mot grec est \u00ab cosmos \u00bb. Il ne d\u00e9signe pas seulement la plan\u00e8te, mais un ordre juste et beau, un ensemble bien accord\u00e9, comme un corps o\u00f9 chaque membre a sa place. En d\u2019autres termes: non pas seulement le monde tel que nous le voyons aujourd\u2019hui \u2013 parfois ab\u00eem\u00e9, tordu, pollu\u00e9 et avili \u2013 mais le projet de Dieu \u2026 <a class=\"continue-reading-link\" href=\"https:\/\/levangilealecran.com\/?p=3504\"> Continue reading <span class=\"meta-nav\">&rarr; <\/span><\/a><\/p>\n","protected":false},"author":2005,"featured_media":0,"comment_status":"open","ping_status":"open","sticky":false,"template":"","format":"standard","meta":{"footnotes":""},"categories":[4,24,5],"tags":[],"class_list":["post-3504","post","type-post","status-publish","format-standard","hentry","category-dimanche","category-fetes","category-jean"],"_links":{"self":[{"href":"https:\/\/levangilealecran.com\/index.php?rest_route=\/wp\/v2\/posts\/3504","targetHints":{"allow":["GET"]}}],"collection":[{"href":"https:\/\/levangilealecran.com\/index.php?rest_route=\/wp\/v2\/posts"}],"about":[{"href":"https:\/\/levangilealecran.com\/index.php?rest_route=\/wp\/v2\/types\/post"}],"author":[{"embeddable":true,"href":"https:\/\/levangilealecran.com\/index.php?rest_route=\/wp\/v2\/users\/2005"}],"replies":[{"embeddable":true,"href":"https:\/\/levangilealecran.com\/index.php?rest_route=%2Fwp%2Fv2%2Fcomments&post=3504"}],"version-history":[{"count":1,"href":"https:\/\/levangilealecran.com\/index.php?rest_route=\/wp\/v2\/posts\/3504\/revisions"}],"predecessor-version":[{"id":3506,"href":"https:\/\/levangilealecran.com\/index.php?rest_route=\/wp\/v2\/posts\/3504\/revisions\/3506"}],"wp:attachment":[{"href":"https:\/\/levangilealecran.com\/index.php?rest_route=%2Fwp%2Fv2%2Fmedia&parent=3504"}],"wp:term":[{"taxonomy":"category","embeddable":true,"href":"https:\/\/levangilealecran.com\/index.php?rest_route=%2Fwp%2Fv2%2Fcategories&post=3504"},{"taxonomy":"post_tag","embeddable":true,"href":"https:\/\/levangilealecran.com\/index.php?rest_route=%2Fwp%2Fv2%2Ftags&post=3504"}],"curies":[{"name":"wp","href":"https:\/\/api.w.org\/{rel}","templated":true}]}}