{"id":3500,"date":"2026-05-22T07:00:00","date_gmt":"2026-05-22T05:00:00","guid":{"rendered":"https:\/\/levangilealecran.com\/?p=3500"},"modified":"2026-05-21T16:49:54","modified_gmt":"2026-05-21T14:49:54","slug":"dimanche-de-pentecote-a-24-mai-2026","status":"publish","type":"post","link":"https:\/\/levangilealecran.com\/?p=3500","title":{"rendered":"Dimanche de Pentec\u00f4te &#8211; A &#8211; 24 mai 2026"},"content":{"rendered":"\n<p class=\"wp-block-paragraph\">\u00ab La paix soit avec vous ! \u00bb (Jean 20,21)<\/p>\n\n\n\n<figure class=\"wp-block-video\"><video height=\"1200\" style=\"aspect-ratio: 1200 \/ 1200;\" width=\"1200\" autoplay controls muted src=\"https:\/\/levangilealecran.com\/wp-content\/uploads\/2026\/05\/Evangile-a-LEcran-20260524.mp4\" playsinline><\/video><\/figure>\n\n\n\n<p class=\"wp-block-paragraph\">&gt; Lorsque J\u00e9sus ressuscit\u00e9 appara\u00eet aux disciples, il leur souhaite la paix \u2013 ce qu\u2019il n\u2019a jamais dit auparavant.<\/p>\n\n\n\n<p class=\"wp-block-paragraph\">&gt; Inutile d\u2019\u00e9crire de longs discours sur ce que nous r\u00e9v\u00e8lent les journaux et les t\u00e9l\u00e9visions en ce printemps 2026 : la paix para\u00eet plus que jamais un bien fragile, sinon perdu.<\/p>\n\n\n\n<p class=\"wp-block-paragraph\">&gt; Qu\u2019en ces temps troubl\u00e9s, plus que jamais, les Chr\u00e9tiens soient des porteurs de paix, qu\u2019ils la souhaitent pleinement, qu\u2019elle soit sem\u00e9e dans les c\u0153urs, \u00e0 l\u2019image du souhait de notre ma\u00eetre.<\/p>\n","protected":false},"excerpt":{"rendered":"<p>\u00ab La paix soit avec vous ! \u00bb (Jean 20,21) &gt; Lorsque J\u00e9sus ressuscit\u00e9 appara\u00eet aux disciples, il leur souhaite la paix \u2013 ce qu\u2019il n\u2019a jamais dit auparavant. &gt; Inutile d\u2019\u00e9crire de longs discours sur ce que nous r\u00e9v\u00e8lent les journaux et les t\u00e9l\u00e9visions en ce printemps 2026 : la paix para\u00eet plus que jamais un bien fragile, sinon perdu. &gt; Qu\u2019en ces temps troubl\u00e9s, plus que jamais, les Chr\u00e9tiens soient des porteurs de paix, qu\u2019ils la souhaitent pleinement, qu\u2019elle soit sem\u00e9e dans les c\u0153urs, \u00e0 l\u2019image du souhait de notre ma\u00eetre.<\/p>\n","protected":false},"author":2005,"featured_media":0,"comment_status":"open","ping_status":"open","sticky":false,"template":"","format":"standard","meta":{"footnotes":""},"categories":[4,24,5,74],"tags":[],"class_list":["post-3500","post","type-post","status-publish","format-standard","hentry","category-dimanche","category-fetes","category-jean","category-temps-pascal"],"_links":{"self":[{"href":"https:\/\/levangilealecran.com\/index.php?rest_route=\/wp\/v2\/posts\/3500","targetHints":{"allow":["GET"]}}],"collection":[{"href":"https:\/\/levangilealecran.com\/index.php?rest_route=\/wp\/v2\/posts"}],"about":[{"href":"https:\/\/levangilealecran.com\/index.php?rest_route=\/wp\/v2\/types\/post"}],"author":[{"embeddable":true,"href":"https:\/\/levangilealecran.com\/index.php?rest_route=\/wp\/v2\/users\/2005"}],"replies":[{"embeddable":true,"href":"https:\/\/levangilealecran.com\/index.php?rest_route=%2Fwp%2Fv2%2Fcomments&post=3500"}],"version-history":[{"count":1,"href":"https:\/\/levangilealecran.com\/index.php?rest_route=\/wp\/v2\/posts\/3500\/revisions"}],"predecessor-version":[{"id":3502,"href":"https:\/\/levangilealecran.com\/index.php?rest_route=\/wp\/v2\/posts\/3500\/revisions\/3502"}],"wp:attachment":[{"href":"https:\/\/levangilealecran.com\/index.php?rest_route=%2Fwp%2Fv2%2Fmedia&parent=3500"}],"wp:term":[{"taxonomy":"category","embeddable":true,"href":"https:\/\/levangilealecran.com\/index.php?rest_route=%2Fwp%2Fv2%2Fcategories&post=3500"},{"taxonomy":"post_tag","embeddable":true,"href":"https:\/\/levangilealecran.com\/index.php?rest_route=%2Fwp%2Fv2%2Ftags&post=3500"}],"curies":[{"name":"wp","href":"https:\/\/api.w.org\/{rel}","templated":true}]}}