{"id":3496,"date":"2026-05-15T07:00:00","date_gmt":"2026-05-15T05:00:00","guid":{"rendered":"https:\/\/levangilealecran.com\/?p=3496"},"modified":"2026-05-14T01:19:57","modified_gmt":"2026-05-13T23:19:57","slug":"7e-dimanche-de-paques-a-17-mai-2026","status":"publish","type":"post","link":"https:\/\/levangilealecran.com\/?p=3496","title":{"rendered":"7e dimanche de P\u00e2ques &#8211; A &#8211; 17 mai 2026"},"content":{"rendered":"\n<blockquote class=\"wp-block-quote is-layout-flow wp-block-quote-is-layout-flow\">\n<p class=\"wp-block-paragraph\"><em><strong>\u00ab D\u00e9sormais, je ne suis plus dans le monde ; eux, ils sont dans le monde, et moi, je viens vers toi. \u00bb<\/strong><\/em><\/p>\n<cite>(Jean 17, 11a)<\/cite><\/blockquote>\n\n\n\n<figure class=\"wp-block-video\"><video height=\"1200\" style=\"aspect-ratio: 1200 \/ 1200;\" width=\"1200\" autoplay controls muted src=\"https:\/\/levangilealecran.com\/wp-content\/uploads\/2026\/05\/Evangile-a-LEcran-20260517.mp4\" playsinline><\/video><\/figure>\n\n\n\n<p class=\"wp-block-paragraph\">&gt; Nous sommes entre l\u2019Ascension et la Pentec\u00f4te. J\u00e9sus retourne vers le P\u00e8re, mais ses disciples, eux, demeurent dans le monde. Ce n\u2019est pas un d\u00e9tail : c\u2019est leur mission. Le Christ ne les retire pas des r\u00e9alit\u00e9s humaines, des fragilit\u00e9s, des tensions ou des combats de ce monde ; il les y envoie pour y porter sa pr\u00e9sence. Son d\u00e9part n\u2019est donc pas un abandon. Celui qui prie pour les siens promet aussi : \u00ab Et moi, je suis avec vous tous les jours jusqu\u2019\u00e0 la fin du monde \u00bb (Mt 28, 20). \u00catre dans le monde, pour un disciple, ce n\u2019est pas \u00eatre livr\u00e9 \u00e0 soi-m\u00eame : c\u2019est \u00eatre confi\u00e9 au P\u00e8re, accompagn\u00e9 par le Christ, port\u00e9 par la m\u00e9moire de sa R\u00e9surrection et bient\u00f4t fortifi\u00e9 par l\u2019Esprit Saint.<\/p>\n\n\n\n<p class=\"wp-block-paragraph\">&gt; Cette semaine, nous pouvons habiter ce temps d\u2019attente avec confiance. Il y a parfois dans notre foi des moments o\u00f9 Dieu semble moins visible, moins sensible, moins \u00e9vident. Pourtant, le Christ prie pour nous. Nous ne sommes pas orphelins. Comme les disciples entre l\u2019Ascension et la Pentec\u00f4te, nous sommes invit\u00e9s \u00e0 rester unis, \u00e0 garder sa parole, \u00e0 prier, et \u00e0 attendre l\u2019Esprit Saint avec un c\u0153ur ouvert. Que le Seigneur nous apprenne \u00e0 reconna\u00eetre sa pr\u00e9sence m\u00eame lorsqu\u2019elle se fait discr\u00e8te, et qu\u2019il pr\u00e9pare en nous la joie renouvel\u00e9e de la Pentec\u00f4te. Amen.<\/p>\n\n\n\n<p class=\"wp-block-paragraph\"><\/p>\n","protected":false},"excerpt":{"rendered":"<p>\u00ab D\u00e9sormais, je ne suis plus dans le monde ; eux, ils sont dans le monde, et moi, je viens vers toi. \u00bb (Jean 17, 11a) &gt; Nous sommes entre l\u2019Ascension et la Pentec\u00f4te. J\u00e9sus retourne vers le P\u00e8re, mais ses disciples, eux, demeurent dans le monde. Ce n\u2019est pas un d\u00e9tail : c\u2019est leur mission. Le Christ ne les retire pas des r\u00e9alit\u00e9s humaines, des fragilit\u00e9s, des tensions ou des combats de ce monde ; il les y envoie pour y porter sa pr\u00e9sence. Son d\u00e9part n\u2019est donc pas un abandon. Celui qui prie pour les siens promet aussi : \u00ab Et moi, je suis avec vous tous les \u2026 <a class=\"continue-reading-link\" href=\"https:\/\/levangilealecran.com\/?p=3496\"> Continue reading <span class=\"meta-nav\">&rarr; <\/span><\/a><\/p>\n","protected":false},"author":2005,"featured_media":0,"comment_status":"open","ping_status":"open","sticky":false,"template":"","format":"standard","meta":{"footnotes":""},"categories":[4,5,74],"tags":[],"class_list":["post-3496","post","type-post","status-publish","format-standard","hentry","category-dimanche","category-jean","category-temps-pascal"],"_links":{"self":[{"href":"https:\/\/levangilealecran.com\/index.php?rest_route=\/wp\/v2\/posts\/3496","targetHints":{"allow":["GET"]}}],"collection":[{"href":"https:\/\/levangilealecran.com\/index.php?rest_route=\/wp\/v2\/posts"}],"about":[{"href":"https:\/\/levangilealecran.com\/index.php?rest_route=\/wp\/v2\/types\/post"}],"author":[{"embeddable":true,"href":"https:\/\/levangilealecran.com\/index.php?rest_route=\/wp\/v2\/users\/2005"}],"replies":[{"embeddable":true,"href":"https:\/\/levangilealecran.com\/index.php?rest_route=%2Fwp%2Fv2%2Fcomments&post=3496"}],"version-history":[{"count":1,"href":"https:\/\/levangilealecran.com\/index.php?rest_route=\/wp\/v2\/posts\/3496\/revisions"}],"predecessor-version":[{"id":3498,"href":"https:\/\/levangilealecran.com\/index.php?rest_route=\/wp\/v2\/posts\/3496\/revisions\/3498"}],"wp:attachment":[{"href":"https:\/\/levangilealecran.com\/index.php?rest_route=%2Fwp%2Fv2%2Fmedia&parent=3496"}],"wp:term":[{"taxonomy":"category","embeddable":true,"href":"https:\/\/levangilealecran.com\/index.php?rest_route=%2Fwp%2Fv2%2Fcategories&post=3496"},{"taxonomy":"post_tag","embeddable":true,"href":"https:\/\/levangilealecran.com\/index.php?rest_route=%2Fwp%2Fv2%2Ftags&post=3496"}],"curies":[{"name":"wp","href":"https:\/\/api.w.org\/{rel}","templated":true}]}}