{"id":349,"date":"2013-08-30T16:27:13","date_gmt":"2013-08-30T14:27:13","guid":{"rendered":"http:\/\/levangilealecran.com?p=349"},"modified":"2013-08-30T16:27:13","modified_gmt":"2013-08-30T14:27:13","slug":"22e-dimanche-c","status":"publish","type":"post","link":"https:\/\/levangilealecran.com\/?p=349","title":{"rendered":"22e dimanche &#8211; C"},"content":{"rendered":"<p style=\"text-align: justify;\">\u00ab Quand tu es invit\u00e9, va te mettre \u00e0 la derni\u00e8re place, afin qu&rsquo;\u00e0 son arriv\u00e9e celui qui t&rsquo;a invit\u00e9 te dise : \u201cMon ami, avance plus haut.\u201d Alors ce sera pour toi un honneur devant tous ceux qui seront \u00e0 table avec toi. Car tout homme qui s&rsquo;\u00e9l\u00e8ve sera abaiss\u00e9 et celui qui s&rsquo;abaisse sera \u00e9lev\u00e9. \u00bb (Lc 14,10-11)<\/p>\n<p style=\"text-align: justify;\"><strong>&gt; Dans notre soci\u00e9t\u00e9 o\u00f9 l\u2019on cherche toujours \u00e0 \u00eatre le premier, le meilleur, le plus beau, le plus swag, le Christ nous invite \u00e0 \u00eatre \u00e0 contre-courant et \u00e0 suivre son exemple, lui qui s\u2019est abaiss\u00e9 pour \u00eatre \u00e9lev\u00e9 ensuite \u00e0 la r\u00e9surrection. <\/strong><\/p>\n<p style=\"text-align: justify;\"><strong>Et si cette semaine nous cherchions nous aussi \u00e0 vivre pleinement l\u2019humilit\u00e9, \u00e0 donner la plus grande place aux autres, \u00e0 nous placer en dernier, pour occuper la place du serviteur ? Ouvrons nos yeux et notre c\u0153ur \u00e0 une d\u00e9marche de service et pourquoi pas, nous pourrons concr\u00e8tement rendre service \u00e0\u00a0quelqu\u2019un, que ce soit un service secret ou non\u2026<\/strong><\/p>\n<p>&nbsp;<\/p>\n","protected":false},"excerpt":{"rendered":"<p>\u00ab Quand tu es invit\u00e9, va te mettre \u00e0 la derni\u00e8re place, afin qu&rsquo;\u00e0 son arriv\u00e9e celui qui t&rsquo;a invit\u00e9 te dise : \u201cMon ami, avance plus haut.\u201d Alors ce sera pour toi un honneur devant tous ceux qui seront \u00e0 table avec toi. Car tout homme qui s&rsquo;\u00e9l\u00e8ve sera abaiss\u00e9 et celui qui s&rsquo;abaisse sera \u00e9lev\u00e9. \u00bb (Lc 14,10-11) &gt; Dans notre soci\u00e9t\u00e9 o\u00f9 l\u2019on cherche toujours \u00e0 \u00eatre le premier, le meilleur, le plus beau, le plus swag, le Christ nous invite \u00e0 \u00eatre \u00e0 contre-courant et \u00e0 suivre son exemple, lui qui s\u2019est abaiss\u00e9 pour \u00eatre \u00e9lev\u00e9 ensuite \u00e0 la r\u00e9surrection. Et si cette semaine nous cherchions \u2026 <a class=\"continue-reading-link\" href=\"https:\/\/levangilealecran.com\/?p=349\"> Continue reading <span class=\"meta-nav\">&rarr; <\/span><\/a><\/p>\n","protected":false},"author":1,"featured_media":0,"comment_status":"open","ping_status":"open","sticky":false,"template":"","format":"standard","meta":{"footnotes":""},"categories":[4,6],"tags":[123,124,431,122],"class_list":["post-349","post","type-post","status-publish","format-standard","hentry","category-dimanche","category-luc","tag-derniere-place","tag-humilite","tag-luc","tag-service"],"_links":{"self":[{"href":"https:\/\/levangilealecran.com\/index.php?rest_route=\/wp\/v2\/posts\/349","targetHints":{"allow":["GET"]}}],"collection":[{"href":"https:\/\/levangilealecran.com\/index.php?rest_route=\/wp\/v2\/posts"}],"about":[{"href":"https:\/\/levangilealecran.com\/index.php?rest_route=\/wp\/v2\/types\/post"}],"author":[{"embeddable":true,"href":"https:\/\/levangilealecran.com\/index.php?rest_route=\/wp\/v2\/users\/1"}],"replies":[{"embeddable":true,"href":"https:\/\/levangilealecran.com\/index.php?rest_route=%2Fwp%2Fv2%2Fcomments&post=349"}],"version-history":[{"count":1,"href":"https:\/\/levangilealecran.com\/index.php?rest_route=\/wp\/v2\/posts\/349\/revisions"}],"predecessor-version":[{"id":350,"href":"https:\/\/levangilealecran.com\/index.php?rest_route=\/wp\/v2\/posts\/349\/revisions\/350"}],"wp:attachment":[{"href":"https:\/\/levangilealecran.com\/index.php?rest_route=%2Fwp%2Fv2%2Fmedia&parent=349"}],"wp:term":[{"taxonomy":"category","embeddable":true,"href":"https:\/\/levangilealecran.com\/index.php?rest_route=%2Fwp%2Fv2%2Fcategories&post=349"},{"taxonomy":"post_tag","embeddable":true,"href":"https:\/\/levangilealecran.com\/index.php?rest_route=%2Fwp%2Fv2%2Ftags&post=349"}],"curies":[{"name":"wp","href":"https:\/\/api.w.org\/{rel}","templated":true}]}}