{"id":3485,"date":"2026-05-01T06:00:00","date_gmt":"2026-05-01T04:00:00","guid":{"rendered":"https:\/\/levangilealecran.com\/?p=3485"},"modified":"2026-04-30T15:22:37","modified_gmt":"2026-04-30T13:22:37","slug":"5e-dimanche-de-paques-a-3-mai-2026","status":"publish","type":"post","link":"https:\/\/levangilealecran.com\/?p=3485","title":{"rendered":"5e Dimanche de P\u00e2ques &#8211; A &#8211; 3 mai 2026"},"content":{"rendered":"\n<blockquote class=\"wp-block-quote is-layout-flow wp-block-quote-is-layout-flow\">\n<p class=\"wp-block-paragraph\">\u00ab Moi, je suis le Chemin, la V\u00e9rit\u00e9 et la Vie ; personne ne va vers le P\u00e8re sans passer par moi. \u00bb<\/p>\n<cite>(Jean 14, 6)<\/cite><\/blockquote>\n\n\n\n<figure class=\"wp-block-video\"><video height=\"1200\" style=\"aspect-ratio: 1200 \/ 1200;\" width=\"1200\" autoplay controls loop muted src=\"https:\/\/levangilealecran.com\/wp-content\/uploads\/2026\/04\/Evangile-a-LEcran-20260503.mp4\" playsinline><\/video><\/figure>\n\n\n\n<p class=\"wp-block-paragraph\">>Lorsque, comme Thomas, nous pensons avoir perdu nos rep\u00e8res, la voix du Seigneur nous rassure : \u00ab JE SUIS LE CHEMIN. \u00bb<br>Notre texte nous situe au soir du dernier repas, et il y a de quoi \u00eatre boulevers\u00e9 : J\u00e9sus vient de poser son geste d\u2019un abaissement d\u00e9routant ; Judas sort dans la nuit pour le trahir, alors qu\u2019\u00e0 Pierre, il est pr\u00e9dit qu\u2019il le renierait.<br>On est donc loin d\u2019une paisible soir\u00e9e d\u2019adieux entre amis. J\u00e9sus s\u2019en va vers sa Passion &#8211; qui ne sera pas la fin de tout, mais la plus belle perspective d\u2019avenir : \u00ab<em> Je pars vous pr\u00e9parer une place ; je reviendrai et je vous emm\u00e8nerai aupr\u00e8s de moi, afin que l\u00e0 o\u00f9 je suis, vous soyez, vous aussi.<\/em> \u00bb Ce lieu o\u00f9 nous sommes avec lui, n\u2019est-il pas d\u00e9j\u00e0 en nous ?<br>L\u2019au-del\u00e0, non comme un ailleurs, mais inh\u00e9rent \u00e0 notre plus concret quotidien.<br>Le Chemin vient lui-m\u00eame \u00e0 nous<em>, car le ciel est au-dedans de nous, <\/em>disait Maurice Zundel.<\/p>\n\n\n\n<p class=\"wp-block-paragraph\">> Quand cela me para\u00eet terriblement abstrait, quand je m\u2019imagine que J\u00e9sus nous a pr\u00e9par\u00e9 une sorte d\u2019EMS c\u00e9leste, il me dit de <strong>croire<\/strong>, du moins \u00e0 cause de ses \u0153uvres.<\/p>\n\n\n\n<p class=\"wp-block-paragraph\">&gt; Et ses \u0153uvres, o\u00f9 les voir, sinon dans le bien qui se fait par d\u2019innombrables personnes souvent discr\u00e8tes, ses amis qui mettent en pratique le commandement de l\u2019amour.<\/p>\n\n\n\n<p class=\"wp-block-paragraph\">&gt; Alors, ma foi devient louange.<\/p>\n","protected":false},"excerpt":{"rendered":"<p>\u00ab Moi, je suis le Chemin, la V\u00e9rit\u00e9 et la Vie ; personne ne va vers le P\u00e8re sans passer par moi. \u00bb (Jean 14, 6) >Lorsque, comme Thomas, nous pensons avoir perdu nos rep\u00e8res, la voix du Seigneur nous rassure : \u00ab JE SUIS LE CHEMIN. \u00bbNotre texte nous situe au soir du dernier repas, et il y a de quoi \u00eatre boulevers\u00e9 : J\u00e9sus vient de poser son geste d\u2019un abaissement d\u00e9routant ; Judas sort dans la nuit pour le trahir, alors qu\u2019\u00e0 Pierre, il est pr\u00e9dit qu\u2019il le renierait.On est donc loin d\u2019une paisible soir\u00e9e d\u2019adieux entre amis. J\u00e9sus s\u2019en va vers sa Passion &#8211; qui ne \u2026 <a class=\"continue-reading-link\" href=\"https:\/\/levangilealecran.com\/?p=3485\"> Continue reading <span class=\"meta-nav\">&rarr; <\/span><\/a><\/p>\n","protected":false},"author":2005,"featured_media":0,"comment_status":"open","ping_status":"open","sticky":false,"template":"","format":"standard","meta":{"footnotes":""},"categories":[4,5,74],"tags":[],"class_list":["post-3485","post","type-post","status-publish","format-standard","hentry","category-dimanche","category-jean","category-temps-pascal"],"_links":{"self":[{"href":"https:\/\/levangilealecran.com\/index.php?rest_route=\/wp\/v2\/posts\/3485","targetHints":{"allow":["GET"]}}],"collection":[{"href":"https:\/\/levangilealecran.com\/index.php?rest_route=\/wp\/v2\/posts"}],"about":[{"href":"https:\/\/levangilealecran.com\/index.php?rest_route=\/wp\/v2\/types\/post"}],"author":[{"embeddable":true,"href":"https:\/\/levangilealecran.com\/index.php?rest_route=\/wp\/v2\/users\/2005"}],"replies":[{"embeddable":true,"href":"https:\/\/levangilealecran.com\/index.php?rest_route=%2Fwp%2Fv2%2Fcomments&post=3485"}],"version-history":[{"count":1,"href":"https:\/\/levangilealecran.com\/index.php?rest_route=\/wp\/v2\/posts\/3485\/revisions"}],"predecessor-version":[{"id":3487,"href":"https:\/\/levangilealecran.com\/index.php?rest_route=\/wp\/v2\/posts\/3485\/revisions\/3487"}],"wp:attachment":[{"href":"https:\/\/levangilealecran.com\/index.php?rest_route=%2Fwp%2Fv2%2Fmedia&parent=3485"}],"wp:term":[{"taxonomy":"category","embeddable":true,"href":"https:\/\/levangilealecran.com\/index.php?rest_route=%2Fwp%2Fv2%2Fcategories&post=3485"},{"taxonomy":"post_tag","embeddable":true,"href":"https:\/\/levangilealecran.com\/index.php?rest_route=%2Fwp%2Fv2%2Ftags&post=3485"}],"curies":[{"name":"wp","href":"https:\/\/api.w.org\/{rel}","templated":true}]}}