{"id":3480,"date":"2026-04-24T06:00:00","date_gmt":"2026-04-24T04:00:00","guid":{"rendered":"https:\/\/levangilealecran.com\/?p=3480"},"modified":"2026-04-23T17:24:19","modified_gmt":"2026-04-23T15:24:19","slug":"4e-dimanche-de-paques-a-26-avril-2026","status":"publish","type":"post","link":"https:\/\/levangilealecran.com\/?p=3480","title":{"rendered":"4e dimanche de P\u00e2ques \u2013 A \u2013 26 avril 2026"},"content":{"rendered":"\n<blockquote class=\"wp-block-quote is-layout-flow wp-block-quote-is-layout-flow\">\n<p class=\"wp-block-paragraph\"><strong><em>\u00ab Le portier lui ouvre, et les brebis \u00e9coutent sa voix.\u00a0\u00bb<\/em><\/strong><\/p>\n<cite>(Jean 10, 3)<\/cite><\/blockquote>\n\n\n\n<figure class=\"wp-block-video\"><video height=\"1200\" style=\"aspect-ratio: 1200 \/ 1200;\" width=\"1200\" autoplay controls loop muted src=\"https:\/\/levangilealecran.com\/wp-content\/uploads\/2026\/04\/Evangile-a-LEcran-20260426.mp4\" playsinline><\/video><\/figure>\n\n\n\n<p class=\"wp-block-paragraph\"><strong>\u00ab L\u2019\u00e9treinte de la libert\u00e9&nbsp;!&nbsp;\u00bb<\/strong><\/p>\n\n\n\n<p class=\"wp-block-paragraph\">&gt; J\u00e9sus insiste ici sur l\u2019importance de <strong>l\u2019\u00e9coute de sa voix<\/strong>. Pour la (re)conna\u00eetre, il faut l\u2019entendre. Elle nous parvient prioritairement de l\u2019\u00c9criture&nbsp;; au travers de s\u0153urs et fr\u00e8res dans la foi&nbsp;; nous pouvons l\u2019entendre au fond de nos c\u0153urs, o\u00f9 le Saint-Esprit t\u00e9moigne de <strong>l\u2019amour du bon Berger pour nous<\/strong>&nbsp;; et ce n\u2019est pas exhaustif. Mais J\u00e9sus est clair&nbsp;: les siens la reconnaissent&nbsp;!<\/p>\n\n\n\n<p class=\"wp-block-paragraph\">&gt; Suivre cette voix conduit \u00e0 une \u00e9tonnante libert\u00e9. D\u2019abord, <strong>J\u00e9sus devient la porte du salut<\/strong>. Par notre foi en lui, nous entrons au b\u00e9n\u00e9fice de son \u0153uvre lib\u00e9ratrice, gr\u00e2ce \u00e0 laquelle nous avons un avant-go\u00fbt de la vie \u00e9ternelle (Jean 3.16). Il nous lib\u00e8re de l\u2019emprise du mal et de nos divers esclavages \u2013 quelle libert\u00e9 en effet, qu\u2019il faut parfois se r\u00e9approprier.<\/p>\n\n\n\n<p class=\"wp-block-paragraph\">&gt; Intriguant&nbsp;: S\u2019il conduit ceux qui l\u2019\u00e9coutent \u00e0 sa suite, J\u00e9sus ne les enferme pas. <strong>Ils pourront entrer et sortir<\/strong>, et <strong>ils trouveront de la nourriture<\/strong>. La vie avec lui, \u00e0 sa suite, \u00e0 l\u2019\u00e9coute de sa voix, est qualifi\u00e9e comme <strong>une vie en abondance<\/strong>.<\/p>\n\n\n\n<p class=\"wp-block-paragraph\"><strong>Prenez un moment pour m\u00e9diter cette image et vous imaginer, vous, dans l\u2019\u00e9treinte du bon Berger\u2026<\/strong><\/p>\n\n\n\n<p class=\"wp-block-paragraph\"><strong>Peut-\u00eatre vous fera-t-il comprendre plus profond\u00e9ment comment grandir en libert\u00e9, trouver de la nourriture, vivre une vie en abondance, forts de son amour unique pour chacun.e d\u2019entre nous&nbsp;!<\/strong><\/p>\n","protected":false},"excerpt":{"rendered":"<p>\u00ab Le portier lui ouvre, et les brebis \u00e9coutent sa voix.\u00a0\u00bb (Jean 10, 3) \u00ab L\u2019\u00e9treinte de la libert\u00e9&nbsp;!&nbsp;\u00bb &gt; J\u00e9sus insiste ici sur l\u2019importance de l\u2019\u00e9coute de sa voix. Pour la (re)conna\u00eetre, il faut l\u2019entendre. Elle nous parvient prioritairement de l\u2019\u00c9criture&nbsp;; au travers de s\u0153urs et fr\u00e8res dans la foi&nbsp;; nous pouvons l\u2019entendre au fond de nos c\u0153urs, o\u00f9 le Saint-Esprit t\u00e9moigne de l\u2019amour du bon Berger pour nous&nbsp;; et ce n\u2019est pas exhaustif. Mais J\u00e9sus est clair&nbsp;: les siens la reconnaissent&nbsp;! &gt; Suivre cette voix conduit \u00e0 une \u00e9tonnante libert\u00e9. D\u2019abord, J\u00e9sus devient la porte du salut. Par notre foi en lui, nous entrons au b\u00e9n\u00e9fice de son \u2026 <a class=\"continue-reading-link\" href=\"https:\/\/levangilealecran.com\/?p=3480\"> Continue reading <span class=\"meta-nav\">&rarr; <\/span><\/a><\/p>\n","protected":false},"author":2005,"featured_media":0,"comment_status":"open","ping_status":"open","sticky":false,"template":"","format":"standard","meta":{"footnotes":""},"categories":[4,5,73,74],"tags":[],"class_list":["post-3480","post","type-post","status-publish","format-standard","hentry","category-dimanche","category-jean","category-paques","category-temps-pascal"],"_links":{"self":[{"href":"https:\/\/levangilealecran.com\/index.php?rest_route=\/wp\/v2\/posts\/3480","targetHints":{"allow":["GET"]}}],"collection":[{"href":"https:\/\/levangilealecran.com\/index.php?rest_route=\/wp\/v2\/posts"}],"about":[{"href":"https:\/\/levangilealecran.com\/index.php?rest_route=\/wp\/v2\/types\/post"}],"author":[{"embeddable":true,"href":"https:\/\/levangilealecran.com\/index.php?rest_route=\/wp\/v2\/users\/2005"}],"replies":[{"embeddable":true,"href":"https:\/\/levangilealecran.com\/index.php?rest_route=%2Fwp%2Fv2%2Fcomments&post=3480"}],"version-history":[{"count":1,"href":"https:\/\/levangilealecran.com\/index.php?rest_route=\/wp\/v2\/posts\/3480\/revisions"}],"predecessor-version":[{"id":3482,"href":"https:\/\/levangilealecran.com\/index.php?rest_route=\/wp\/v2\/posts\/3480\/revisions\/3482"}],"wp:attachment":[{"href":"https:\/\/levangilealecran.com\/index.php?rest_route=%2Fwp%2Fv2%2Fmedia&parent=3480"}],"wp:term":[{"taxonomy":"category","embeddable":true,"href":"https:\/\/levangilealecran.com\/index.php?rest_route=%2Fwp%2Fv2%2Fcategories&post=3480"},{"taxonomy":"post_tag","embeddable":true,"href":"https:\/\/levangilealecran.com\/index.php?rest_route=%2Fwp%2Fv2%2Ftags&post=3480"}],"curies":[{"name":"wp","href":"https:\/\/api.w.org\/{rel}","templated":true}]}}