{"id":3470,"date":"2026-04-10T06:00:00","date_gmt":"2026-04-10T04:00:00","guid":{"rendered":"https:\/\/levangilealecran.com\/?p=3470"},"modified":"2026-03-31T16:36:58","modified_gmt":"2026-03-31T14:36:58","slug":"2e-dimanche-de-paques-a-12-avril-2026","status":"publish","type":"post","link":"https:\/\/levangilealecran.com\/?p=3470","title":{"rendered":"2e dimanche de P\u00e2ques &#8211; A &#8211; 12 avril 2026"},"content":{"rendered":"\n<blockquote class=\"wp-block-quote is-layout-flow wp-block-quote-is-layout-flow\">\n<p class=\"wp-block-paragraph\"><em><strong>Alors Thomas lui dit : \u00ab Mon Seigneur et mon Dieu ! \u00bb<\/strong><\/em><\/p>\n<cite><em><strong>(Jean 20, 28)<\/strong><\/em><\/cite><\/blockquote>\n\n\n\n<figure class=\"wp-block-video\"><video height=\"960\" style=\"aspect-ratio: 960 \/ 960;\" width=\"960\" autoplay controls muted poster=\"https:\/\/levangilealecran.com\/wp-content\/uploads\/2026\/03\/Evangile-a-LEcran-20260410.png\" src=\"https:\/\/levangilealecran.com\/wp-content\/uploads\/2026\/03\/Evangile-a-LEcran-20260410.mp4\" playsinline><\/video><\/figure>\n\n\n\n<p class=\"wp-block-paragraph\">&gt; On a trop souvent vu Thomas comme l\u2019incr\u00e9dule de service. Et il y a de quoi : il pr\u00e9tendait lui-m\u00eame qu\u2019il ne pourrait pas croire s\u2019il ne mettait pas le doigt dans les plaies du Christ. Mais lorsque le Christ est devant lui et lui propose d\u2019avancer son doigt, Thomas s\u2019exclame seulement \u00ab Mon Seigneur et mon Dieu ! \u00bb, ce faisant il fait une profession de foi bien sup\u00e9rieure aux autres disciples qui l\u2019entourent !<\/p>\n\n\n\n<p class=\"wp-block-paragraph\">&gt; Ce serait si triste, si la science expliquait tout. Notre foi n\u2019aurait plus la m\u00eame valeur si toutes ses composantes \u00e9taient prouv\u00e9es scientifiquement. Ce qui est beau, c\u2019est pr\u00e9cis\u00e9ment de croire sans avoir besoin de preuves. C\u2019est un \u00e9lan du c\u0153ur et de l\u2019esprit.<\/p>\n\n\n\n<p class=\"wp-block-paragraph\">&gt; Cette semaine, trouvons le bon moment pour nous exclamer nous aussi, comme Thomas : \u00ab Mon Seigneur et mon Dieu ! \u00bb, que ce soit devant un magnifique paysage, devant un \u00e9v\u00e9nement particulier, bref devant la pr\u00e9sence de Dieu qui surgit dans la lumi\u00e8re pascale, \u00e0 sa fa\u00e7on, dans nos journ\u00e9es.<\/p>\n","protected":false},"excerpt":{"rendered":"<p>Alors Thomas lui dit : \u00ab Mon Seigneur et mon Dieu ! \u00bb (Jean 20, 28) &gt; On a trop souvent vu Thomas comme l\u2019incr\u00e9dule de service. Et il y a de quoi : il pr\u00e9tendait lui-m\u00eame qu\u2019il ne pourrait pas croire s\u2019il ne mettait pas le doigt dans les plaies du Christ. Mais lorsque le Christ est devant lui et lui propose d\u2019avancer son doigt, Thomas s\u2019exclame seulement \u00ab Mon Seigneur et mon Dieu ! \u00bb, ce faisant il fait une profession de foi bien sup\u00e9rieure aux autres disciples qui l\u2019entourent ! &gt; Ce serait si triste, si la science expliquait tout. Notre foi n\u2019aurait plus la m\u00eame valeur \u2026 <a class=\"continue-reading-link\" href=\"https:\/\/levangilealecran.com\/?p=3470\"> Continue reading <span class=\"meta-nav\">&rarr; <\/span><\/a><\/p>\n","protected":false},"author":2005,"featured_media":3472,"comment_status":"open","ping_status":"open","sticky":false,"template":"","format":"standard","meta":{"footnotes":""},"categories":[4,5,73,74],"tags":[],"class_list":["post-3470","post","type-post","status-publish","format-standard","has-post-thumbnail","hentry","category-dimanche","category-jean","category-paques","category-temps-pascal"],"_links":{"self":[{"href":"https:\/\/levangilealecran.com\/index.php?rest_route=\/wp\/v2\/posts\/3470","targetHints":{"allow":["GET"]}}],"collection":[{"href":"https:\/\/levangilealecran.com\/index.php?rest_route=\/wp\/v2\/posts"}],"about":[{"href":"https:\/\/levangilealecran.com\/index.php?rest_route=\/wp\/v2\/types\/post"}],"author":[{"embeddable":true,"href":"https:\/\/levangilealecran.com\/index.php?rest_route=\/wp\/v2\/users\/2005"}],"replies":[{"embeddable":true,"href":"https:\/\/levangilealecran.com\/index.php?rest_route=%2Fwp%2Fv2%2Fcomments&post=3470"}],"version-history":[{"count":1,"href":"https:\/\/levangilealecran.com\/index.php?rest_route=\/wp\/v2\/posts\/3470\/revisions"}],"predecessor-version":[{"id":3473,"href":"https:\/\/levangilealecran.com\/index.php?rest_route=\/wp\/v2\/posts\/3470\/revisions\/3473"}],"wp:featuredmedia":[{"embeddable":true,"href":"https:\/\/levangilealecran.com\/index.php?rest_route=\/wp\/v2\/media\/3472"}],"wp:attachment":[{"href":"https:\/\/levangilealecran.com\/index.php?rest_route=%2Fwp%2Fv2%2Fmedia&parent=3470"}],"wp:term":[{"taxonomy":"category","embeddable":true,"href":"https:\/\/levangilealecran.com\/index.php?rest_route=%2Fwp%2Fv2%2Fcategories&post=3470"},{"taxonomy":"post_tag","embeddable":true,"href":"https:\/\/levangilealecran.com\/index.php?rest_route=%2Fwp%2Fv2%2Ftags&post=3470"}],"curies":[{"name":"wp","href":"https:\/\/api.w.org\/{rel}","templated":true}]}}