{"id":346,"date":"2013-08-23T11:46:10","date_gmt":"2013-08-23T09:46:10","guid":{"rendered":"http:\/\/levangilealecran.com?p=346"},"modified":"2013-08-23T11:46:22","modified_gmt":"2013-08-23T09:46:22","slug":"346","status":"publish","type":"post","link":"https:\/\/levangilealecran.com\/?p=346","title":{"rendered":"21e dimanche &#8211; C"},"content":{"rendered":"<p style=\"text-align: justify;\">Alors vous vous mettrez \u00e0 dire : \u00ab\u00a0Nous avons mang\u00e9 et bu en ta pr\u00e9sence, et tu as enseign\u00e9 sur nos places.\u00a0\u00bb<\/p>\n<p style=\"text-align: justify;\">Il vous r\u00e9pondra : \u00ab\u00a0Je ne sais pas d&rsquo;o\u00f9 vous \u00eates. \u00c9loignez-vous de moi, vous tous qui faites le mal.\u00a0\u00bb (Lc 13, 26-27)<\/p>\n<p style=\"text-align: justify;\"><strong>&gt; Dans sa route vers J\u00e9rusalem, J\u00e9sus rencontre des juifs, qui parce qu&rsquo;ils font partie du peuple \u00e9lu, du peuple de l&rsquo;alliance, pensent qu&rsquo;ils seront sauv\u00e9s d&rsquo;office. J\u00e9sus r\u00e9pond en parlant de la porte \u00e9troite et pr\u00e9cise que cela ne suffit pas de l&rsquo;avoir fr\u00e9quent\u00e9 pour se croire assur\u00e9 du royaume de Dieu. C&rsquo;est un appel \u00e0 une conversion de tous les jours. Etre croyant doit impliquer quelque chose dans nos vies.<\/strong><\/p>\n<p style=\"text-align: justify;\"><strong>Il nous est propos\u00e9 cette semaine de r\u00e9fl\u00e9chir \u00e0 ce que signifie pour nous \u00eatre chr\u00e9tien. Qu&rsquo;est-ce que le fait d&rsquo;\u00eatre chr\u00e9tien implique dans notre vie? Vers quelles attitudes, quels choix de vie, cela nous conduit?<\/strong><\/p>\n","protected":false},"excerpt":{"rendered":"<p>Alors vous vous mettrez \u00e0 dire : \u00ab\u00a0Nous avons mang\u00e9 et bu en ta pr\u00e9sence, et tu as enseign\u00e9 sur nos places.\u00a0\u00bb Il vous r\u00e9pondra : \u00ab\u00a0Je ne sais pas d&rsquo;o\u00f9 vous \u00eates. \u00c9loignez-vous de moi, vous tous qui faites le mal.\u00a0\u00bb (Lc 13, 26-27) &gt; Dans sa route vers J\u00e9rusalem, J\u00e9sus rencontre des juifs, qui parce qu&rsquo;ils font partie du peuple \u00e9lu, du peuple de l&rsquo;alliance, pensent qu&rsquo;ils seront sauv\u00e9s d&rsquo;office. J\u00e9sus r\u00e9pond en parlant de la porte \u00e9troite et pr\u00e9cise que cela ne suffit pas de l&rsquo;avoir fr\u00e9quent\u00e9 pour se croire assur\u00e9 du royaume de Dieu. C&rsquo;est un appel \u00e0 une conversion de tous les jours. Etre croyant \u2026 <a class=\"continue-reading-link\" href=\"https:\/\/levangilealecran.com\/?p=346\"> Continue reading <span class=\"meta-nav\">&rarr; <\/span><\/a><\/p>\n","protected":false},"author":1,"featured_media":0,"comment_status":"open","ping_status":"open","sticky":false,"template":"","format":"standard","meta":{"footnotes":""},"categories":[4,6],"tags":[121,120,431],"class_list":["post-346","post","type-post","status-publish","format-standard","hentry","category-dimanche","category-luc","tag-chretien","tag-coherence","tag-luc"],"_links":{"self":[{"href":"https:\/\/levangilealecran.com\/index.php?rest_route=\/wp\/v2\/posts\/346","targetHints":{"allow":["GET"]}}],"collection":[{"href":"https:\/\/levangilealecran.com\/index.php?rest_route=\/wp\/v2\/posts"}],"about":[{"href":"https:\/\/levangilealecran.com\/index.php?rest_route=\/wp\/v2\/types\/post"}],"author":[{"embeddable":true,"href":"https:\/\/levangilealecran.com\/index.php?rest_route=\/wp\/v2\/users\/1"}],"replies":[{"embeddable":true,"href":"https:\/\/levangilealecran.com\/index.php?rest_route=%2Fwp%2Fv2%2Fcomments&post=346"}],"version-history":[{"count":2,"href":"https:\/\/levangilealecran.com\/index.php?rest_route=\/wp\/v2\/posts\/346\/revisions"}],"predecessor-version":[{"id":348,"href":"https:\/\/levangilealecran.com\/index.php?rest_route=\/wp\/v2\/posts\/346\/revisions\/348"}],"wp:attachment":[{"href":"https:\/\/levangilealecran.com\/index.php?rest_route=%2Fwp%2Fv2%2Fmedia&parent=346"}],"wp:term":[{"taxonomy":"category","embeddable":true,"href":"https:\/\/levangilealecran.com\/index.php?rest_route=%2Fwp%2Fv2%2Fcategories&post=346"},{"taxonomy":"post_tag","embeddable":true,"href":"https:\/\/levangilealecran.com\/index.php?rest_route=%2Fwp%2Fv2%2Ftags&post=346"}],"curies":[{"name":"wp","href":"https:\/\/api.w.org\/{rel}","templated":true}]}}