{"id":3454,"date":"2026-03-27T06:00:00","date_gmt":"2026-03-27T05:00:00","guid":{"rendered":"https:\/\/levangilealecran.com\/?p=3454"},"modified":"2026-03-26T17:23:56","modified_gmt":"2026-03-26T16:23:56","slug":"dimanche-des-rameaux-et-de-la-passion-a-29-mars-2026","status":"publish","type":"post","link":"https:\/\/levangilealecran.com\/?p=3454","title":{"rendered":"Dimanche des Rameaux et de la Passion \u2013 A \u2013 29 mars 2026"},"content":{"rendered":"\n<blockquote class=\"wp-block-quote is-layout-flow wp-block-quote-is-layout-flow\">\n<p class=\"wp-block-paragraph\"><em>\u00ab Serait-ce moi, Seigneur ? \u00bb<\/em><\/p>\n<cite>(Matthieu 26, 22)<\/cite><\/blockquote>\n\n\n\n<figure class=\"wp-block-video\"><video height=\"640\" style=\"aspect-ratio: 640 \/ 640;\" width=\"640\" autoplay controls muted poster=\"https:\/\/levangilealecran.com\/wp-content\/uploads\/2026\/03\/Evangile-a-LEcran-27-mars.png\" src=\"https:\/\/levangilealecran.com\/wp-content\/uploads\/2026\/03\/Evangile-a-LEcran-27-mars_640.mp4\" playsinline><\/video><\/figure>\n\n\n\n<p class=\"wp-block-paragraph\">> La question \u00ab Serait-ce moi ? \u00bb r\u00e9sonne \u00e9trangement dans la bouche des disciples. Peu de temps avant, cette m\u00eame inqui\u00e9tude les poussait \u00e0 demander : \u00ab Qui de nous est le plus grand ? \u00bb. Dans les deux cas, la formulation est similaire, mais le c\u0153ur a chang\u00e9. D&rsquo;abord, \u00ab Serait-ce moi ? \u00bb \u00e9tait un d\u00e9sir de sup\u00e9riorit\u00e9, une fa\u00e7on de se mettre au-dessus des autres. Ici, face \u00e0 l&rsquo;annonce de la trahison, elle devient un examen de conscience : \u00ab Serait-ce moi capable du pire ? \u00bb. Ce glissement est capital. J\u00e9sus ne cherche pas \u00e0 les culpabiliser en leur faisant peur, mais \u00e0 les faire passer de l&rsquo;illusion de leur propre grandeur \u00e0 la v\u00e9rit\u00e9 de leur fragilit\u00e9. Comprendre que l&rsquo;on peut trahir, c&rsquo;est cesser de se croire intouchable et commencer \u00e0 devenir humble.<\/p>\n\n\n\n<blockquote class=\"wp-block-quote is-layout-flow wp-block-quote-is-layout-flow\">\n<p class=\"wp-block-paragraph\">> Cette semaine, utilisons cette question \u00ab Serait-ce moi ? \u00bb non pas comme un juge s\u00e9v\u00e8re, mais comme un outil de lucidit\u00e9. Quand nous sommes tent\u00e9s de juger les autres ou de nous croire meilleurs, demandons-nous : \u00ab Serait-ce moi, par orgueil, en train de m&rsquo;\u00e9loigner de l&rsquo;amour ? \u00bb. Reconna\u00eetre notre fragilit\u00e9 n&rsquo;est pas un \u00e9chec, c&rsquo;est la condition pour accueillir la force de Dieu. Que cette prise de conscience nous rende plus indulgents envers les fautes des autres, puisque nous savons maintenant que nous aurions pu \u00eatre \u00e0 leur place. Que la paix du Christ, qui conna\u00eet nos c\u0153urs mieux que nous, nous garde dans l&rsquo;humilit\u00e9 et l&rsquo;esp\u00e9rance. Amen.<\/p>\n<\/blockquote>\n","protected":false},"excerpt":{"rendered":"<p>\u00ab Serait-ce moi, Seigneur ? \u00bb (Matthieu 26, 22) > La question \u00ab Serait-ce moi ? \u00bb r\u00e9sonne \u00e9trangement dans la bouche des disciples. Peu de temps avant, cette m\u00eame inqui\u00e9tude les poussait \u00e0 demander : \u00ab Qui de nous est le plus grand ? \u00bb. Dans les deux cas, la formulation est similaire, mais le c\u0153ur a chang\u00e9. D&rsquo;abord, \u00ab Serait-ce moi ? \u00bb \u00e9tait un d\u00e9sir de sup\u00e9riorit\u00e9, une fa\u00e7on de se mettre au-dessus des autres. Ici, face \u00e0 l&rsquo;annonce de la trahison, elle devient un examen de conscience : \u00ab Serait-ce moi capable du pire ? \u00bb. Ce glissement est capital. J\u00e9sus ne cherche pas \u00e0 les \u2026 <a class=\"continue-reading-link\" href=\"https:\/\/levangilealecran.com\/?p=3454\"> Continue reading <span class=\"meta-nav\">&rarr; <\/span><\/a><\/p>\n","protected":false},"author":2005,"featured_media":0,"comment_status":"open","ping_status":"open","sticky":false,"template":"","format":"standard","meta":{"footnotes":""},"categories":[1],"tags":[],"class_list":["post-3454","post","type-post","status-publish","format-standard","hentry","category-sanscategorie"],"_links":{"self":[{"href":"https:\/\/levangilealecran.com\/index.php?rest_route=\/wp\/v2\/posts\/3454","targetHints":{"allow":["GET"]}}],"collection":[{"href":"https:\/\/levangilealecran.com\/index.php?rest_route=\/wp\/v2\/posts"}],"about":[{"href":"https:\/\/levangilealecran.com\/index.php?rest_route=\/wp\/v2\/types\/post"}],"author":[{"embeddable":true,"href":"https:\/\/levangilealecran.com\/index.php?rest_route=\/wp\/v2\/users\/2005"}],"replies":[{"embeddable":true,"href":"https:\/\/levangilealecran.com\/index.php?rest_route=%2Fwp%2Fv2%2Fcomments&post=3454"}],"version-history":[{"count":4,"href":"https:\/\/levangilealecran.com\/index.php?rest_route=\/wp\/v2\/posts\/3454\/revisions"}],"predecessor-version":[{"id":3461,"href":"https:\/\/levangilealecran.com\/index.php?rest_route=\/wp\/v2\/posts\/3454\/revisions\/3461"}],"wp:attachment":[{"href":"https:\/\/levangilealecran.com\/index.php?rest_route=%2Fwp%2Fv2%2Fmedia&parent=3454"}],"wp:term":[{"taxonomy":"category","embeddable":true,"href":"https:\/\/levangilealecran.com\/index.php?rest_route=%2Fwp%2Fv2%2Fcategories&post=3454"},{"taxonomy":"post_tag","embeddable":true,"href":"https:\/\/levangilealecran.com\/index.php?rest_route=%2Fwp%2Fv2%2Ftags&post=3454"}],"curies":[{"name":"wp","href":"https:\/\/api.w.org\/{rel}","templated":true}]}}