{"id":3447,"date":"2026-03-13T06:00:00","date_gmt":"2026-03-13T05:00:00","guid":{"rendered":"https:\/\/levangilealecran.com\/?p=3447"},"modified":"2026-03-19T11:25:44","modified_gmt":"2026-03-19T10:25:44","slug":"4e-dimanche-de-careme-annee-a-15-mars-2026","status":"publish","type":"post","link":"https:\/\/levangilealecran.com\/?p=3447","title":{"rendered":"4e dimanche de Car\u00eame \u2013 Ann\u00e9e A \u2013 15 mars 2026"},"content":{"rendered":"\n<blockquote class=\"wp-block-quote is-layout-flow wp-block-quote-is-layout-flow\">\n<p class=\"wp-block-paragraph\"><em>\u00ab Interrogez-le, il est assez grand pour s\u2019expliquer. \u00bb<\/em><\/p>\n<cite>(Jean<em> 9, 21)<\/em><\/cite><\/blockquote>\n\n\n\n<figure class=\"wp-block-image size-large is-resized\"><a href=\"https:\/\/levangilealecran.com\/wp-content\/uploads\/2026\/03\/stencil.facebook-ad-carousel5.png\"><img loading=\"lazy\" decoding=\"async\" width=\"1024\" height=\"1024\" src=\"https:\/\/levangilealecran.com\/wp-content\/uploads\/2026\/03\/stencil.facebook-ad-carousel5-1024x1024.png\" alt=\"\" class=\"wp-image-3449\" style=\"width:600px\" srcset=\"https:\/\/levangilealecran.com\/wp-content\/uploads\/2026\/03\/stencil.facebook-ad-carousel5-1024x1024.png 1024w, https:\/\/levangilealecran.com\/wp-content\/uploads\/2026\/03\/stencil.facebook-ad-carousel5-300x300.png 300w, https:\/\/levangilealecran.com\/wp-content\/uploads\/2026\/03\/stencil.facebook-ad-carousel5-150x150.png 150w, https:\/\/levangilealecran.com\/wp-content\/uploads\/2026\/03\/stencil.facebook-ad-carousel5-768x768.png 768w, https:\/\/levangilealecran.com\/wp-content\/uploads\/2026\/03\/stencil.facebook-ad-carousel5.png 1200w\" sizes=\"auto, (max-width: 1024px) 100vw, 1024px\" \/><\/a><\/figure>\n\n\n\n<p class=\"wp-block-paragraph\">&gt; Ces quelques mots sont tir\u00e9s de la sc\u00e8ne de l\u2019aveugle-n\u00e9 \u00e0 qui J\u00e9sus rend la vue. Les personnes qui retrouvent l\u2019aveugle devenu voyant font preuve \u00e0 leur tour d\u2019un aveuglement sans bornes et ne croient pas son t\u00e9moignage. Au point d\u2019aller demander \u00e0 ses parents s\u2019il \u00e9tait bien aveugle de naissance. Les parents r\u00e9pondent : \u00ab Interrogez-le, il est assez grand pour s\u2019expliquer. \u00bb<\/p>\n\n\n\n<p class=\"wp-block-paragraph\">&gt; Combien de fois, dans nos vies, jasons-nous sur untel ou sur telle situation, combien de fois en parlons-nous \u00e0 droite et \u00e0 gauche mais en \u00e9vitant soigneusement d\u2019aller interroger la personne concern\u00e9e ? \u00ab Interrogez-le\u2026 il est assez grand pour s\u2019expliquer. \u00bb<\/p>\n\n\n\n<p class=\"wp-block-paragraph\">&gt; Et si nous prenions notre courage \u00e0 deux mains pour aller trouver, cette semaine, une personne \u00e0 qui l\u2019on n\u2019a jamais os\u00e9 poser telle ou telle question ? Vous verrez, elle est assez grande pour s\u2019expliquer\u2026 et \u00e7a vaut mieux que de parler dans son dos.<\/p>\n","protected":false},"excerpt":{"rendered":"<p>\u00ab Interrogez-le, il est assez grand pour s\u2019expliquer. \u00bb (Jean 9, 21) &gt; Ces quelques mots sont tir\u00e9s de la sc\u00e8ne de l\u2019aveugle-n\u00e9 \u00e0 qui J\u00e9sus rend la vue. Les personnes qui retrouvent l\u2019aveugle devenu voyant font preuve \u00e0 leur tour d\u2019un aveuglement sans bornes et ne croient pas son t\u00e9moignage. Au point d\u2019aller demander \u00e0 ses parents s\u2019il \u00e9tait bien aveugle de naissance. Les parents r\u00e9pondent : \u00ab Interrogez-le, il est assez grand pour s\u2019expliquer. \u00bb &gt; Combien de fois, dans nos vies, jasons-nous sur untel ou sur telle situation, combien de fois en parlons-nous \u00e0 droite et \u00e0 gauche mais en \u00e9vitant soigneusement d\u2019aller interroger la personne concern\u00e9e \u2026 <a class=\"continue-reading-link\" href=\"https:\/\/levangilealecran.com\/?p=3447\"> Continue reading <span class=\"meta-nav\">&rarr; <\/span><\/a><\/p>\n","protected":false},"author":2005,"featured_media":0,"comment_status":"open","ping_status":"open","sticky":false,"template":"","format":"standard","meta":{"footnotes":""},"categories":[44,4,5],"tags":[],"class_list":["post-3447","post","type-post","status-publish","format-standard","hentry","category-careme","category-dimanche","category-jean"],"_links":{"self":[{"href":"https:\/\/levangilealecran.com\/index.php?rest_route=\/wp\/v2\/posts\/3447","targetHints":{"allow":["GET"]}}],"collection":[{"href":"https:\/\/levangilealecran.com\/index.php?rest_route=\/wp\/v2\/posts"}],"about":[{"href":"https:\/\/levangilealecran.com\/index.php?rest_route=\/wp\/v2\/types\/post"}],"author":[{"embeddable":true,"href":"https:\/\/levangilealecran.com\/index.php?rest_route=\/wp\/v2\/users\/2005"}],"replies":[{"embeddable":true,"href":"https:\/\/levangilealecran.com\/index.php?rest_route=%2Fwp%2Fv2%2Fcomments&post=3447"}],"version-history":[{"count":2,"href":"https:\/\/levangilealecran.com\/index.php?rest_route=\/wp\/v2\/posts\/3447\/revisions"}],"predecessor-version":[{"id":3450,"href":"https:\/\/levangilealecran.com\/index.php?rest_route=\/wp\/v2\/posts\/3447\/revisions\/3450"}],"wp:attachment":[{"href":"https:\/\/levangilealecran.com\/index.php?rest_route=%2Fwp%2Fv2%2Fmedia&parent=3447"}],"wp:term":[{"taxonomy":"category","embeddable":true,"href":"https:\/\/levangilealecran.com\/index.php?rest_route=%2Fwp%2Fv2%2Fcategories&post=3447"},{"taxonomy":"post_tag","embeddable":true,"href":"https:\/\/levangilealecran.com\/index.php?rest_route=%2Fwp%2Fv2%2Ftags&post=3447"}],"curies":[{"name":"wp","href":"https:\/\/api.w.org\/{rel}","templated":true}]}}