{"id":3439,"date":"2026-02-27T06:00:00","date_gmt":"2026-02-27T05:00:00","guid":{"rendered":"https:\/\/levangilealecran.com\/?p=3439"},"modified":"2026-02-26T17:34:44","modified_gmt":"2026-02-26T16:34:44","slug":"2e-dimanche-de-careme-annee-a-27-fevrier-2026","status":"publish","type":"post","link":"https:\/\/levangilealecran.com\/?p=3439","title":{"rendered":"2e dimanche de Car\u00eame \u2013 Ann\u00e9e A \u2013 1e mars 2026"},"content":{"rendered":"\n<blockquote class=\"wp-block-quote is-layout-flow wp-block-quote-is-layout-flow\">\n<p class=\"wp-block-paragraph\"><strong>\u00ab Il fut transfigur\u00e9 devant eux\u00a0: son visage se mit \u00e0 briller comme le soleil, et ses v\u00eatements devinrent blancs comme la lumi\u00e8re.\u00a0\u00bb<\/strong><\/p>\n<cite><strong>(Matthieu 17.2)<\/strong><\/cite><\/blockquote>\n\n\n\n<figure class=\"wp-block-image size-large is-resized\"><a href=\"https:\/\/levangilealecran.com\/wp-content\/uploads\/2026\/02\/stencil.facebook-ad-carousel3.png\"><img loading=\"lazy\" decoding=\"async\" width=\"1024\" height=\"1024\" src=\"https:\/\/levangilealecran.com\/wp-content\/uploads\/2026\/02\/stencil.facebook-ad-carousel3-1024x1024.png\" alt=\"\" class=\"wp-image-3440\" style=\"width:600px\" srcset=\"https:\/\/levangilealecran.com\/wp-content\/uploads\/2026\/02\/stencil.facebook-ad-carousel3-1024x1024.png 1024w, https:\/\/levangilealecran.com\/wp-content\/uploads\/2026\/02\/stencil.facebook-ad-carousel3-300x300.png 300w, https:\/\/levangilealecran.com\/wp-content\/uploads\/2026\/02\/stencil.facebook-ad-carousel3-150x150.png 150w, https:\/\/levangilealecran.com\/wp-content\/uploads\/2026\/02\/stencil.facebook-ad-carousel3-768x768.png 768w, https:\/\/levangilealecran.com\/wp-content\/uploads\/2026\/02\/stencil.facebook-ad-carousel3.png 1200w\" sizes=\"auto, (max-width: 1024px) 100vw, 1024px\" \/><\/a><\/figure>\n\n\n\n<p class=\"wp-block-paragraph\">&gt; Les trois disciples qui l\u2019accompagnent sur la montagne vivent ce que J\u00e9sus avait annonc\u00e9 six jours plus t\u00f4t&nbsp;: <em>\u00ab&nbsp;quelques-uns de ceux qui se tiennent ici ne go\u00fbteront pas la mort avant d\u2019avoir vu le Fils de l\u2019homme venant dans sa royaut\u00e9.&nbsp;\u00bb<\/em> (16.28) C\u2019est bien ce qui se passe ici, le rayonnement du visage et la blancheur des v\u00eatements expriment la gloire de J\u00e9sus, le Roi \u00e0 venir, et qui d\u2019une certaine mani\u00e8re est d\u00e9j\u00e0 l\u00e0\u2026<\/p>\n\n\n\n<p class=\"wp-block-paragraph\">&gt; Vient la nu\u00e9e lumineuse et la voix du P\u00e8re qui r\u00e9it\u00e8re l\u2019identit\u00e9 de J\u00e9sus et le plaisir que le P\u00e8re trouve en son Fils, suivi de l\u2019appel \u00e0 l\u2019\u00e9couter. C\u2019est maintenant que les disciples sont comme foudroy\u00e9s, pris de crainte. Mais J\u00e9sus vient les toucher et les rassurer (voir aussi Apocalypse 1.17), il est toujours aussi humain qu\u2019avant. Et il leur impose le silence jusqu\u2019\u00e0 ce qu\u2019il soit ressuscit\u00e9 d\u2019entre les morts.<\/p>\n\n\n\n<p class=\"wp-block-paragraph\">&gt; L\u2019\u00e9v\u00e9nement permet aux disciples non de comprendre tout ce qui suivra, mais d\u2019\u00eatre comme ancr\u00e9 dans la confiance que, quoiqu\u2019il arrive, il ne faut pas perdre de vue ce J\u00e9sus, si humain, en qui ils fr\u00e9quentent pourtant de si pr\u00e8s la gloire de Dieu. Ils en auront bien besoin, au fur et \u00e0 mesure que la croix approchera.<\/p>\n\n\n\n<p class=\"wp-block-paragraph\">Pour nous qui nous situons au-del\u00e0 de la Passion, confiants que notre Sauveur est vivant pour toujours, cet \u00e9v\u00e9nement rappelle qu\u2019une nouvelle venue du Fils de l\u2019homme \/ de Dieu est \u00e0 venir, quand le Roi non seulement viendra \u00e0 la vue de tous, mais instaurera le R\u00e8gne final, \u00e9ternel&nbsp;!<\/p>\n\n\n\n<p class=\"has-text-align-center wp-block-paragraph\">Cette perspective peut-elle \u00eatre rassurante dans les temps pr\u00e9sents\u00a0? pourquoi\u00a0?<br>Peut-elle nous aider \u00e0 rester fid\u00e8les au Roi\u00a0? comment\u00a0?<\/p>\n\n\n\n<p class=\"wp-block-paragraph\"><strong>\u00ab&nbsp;Celui-ci est mon Fils bien-aim\u00e9&nbsp;; c\u2019est en lui que j\u2019ai pris plaisir. \u00c9coutez-le&nbsp;!&nbsp;\u00bb<\/strong><\/p>\n","protected":false},"excerpt":{"rendered":"<p>\u00ab Il fut transfigur\u00e9 devant eux\u00a0: son visage se mit \u00e0 briller comme le soleil, et ses v\u00eatements devinrent blancs comme la lumi\u00e8re.\u00a0\u00bb (Matthieu 17.2) &gt; Les trois disciples qui l\u2019accompagnent sur la montagne vivent ce que J\u00e9sus avait annonc\u00e9 six jours plus t\u00f4t&nbsp;: \u00ab&nbsp;quelques-uns de ceux qui se tiennent ici ne go\u00fbteront pas la mort avant d\u2019avoir vu le Fils de l\u2019homme venant dans sa royaut\u00e9.&nbsp;\u00bb (16.28) C\u2019est bien ce qui se passe ici, le rayonnement du visage et la blancheur des v\u00eatements expriment la gloire de J\u00e9sus, le Roi \u00e0 venir, et qui d\u2019une certaine mani\u00e8re est d\u00e9j\u00e0 l\u00e0\u2026 &gt; Vient la nu\u00e9e lumineuse et la voix du \u2026 <a class=\"continue-reading-link\" href=\"https:\/\/levangilealecran.com\/?p=3439\"> Continue reading <span class=\"meta-nav\">&rarr; <\/span><\/a><\/p>\n","protected":false},"author":2005,"featured_media":0,"comment_status":"open","ping_status":"open","sticky":false,"template":"","format":"standard","meta":{"footnotes":""},"categories":[44,4,8],"tags":[],"class_list":["post-3439","post","type-post","status-publish","format-standard","hentry","category-careme","category-dimanche","category-matthieu"],"_links":{"self":[{"href":"https:\/\/levangilealecran.com\/index.php?rest_route=\/wp\/v2\/posts\/3439","targetHints":{"allow":["GET"]}}],"collection":[{"href":"https:\/\/levangilealecran.com\/index.php?rest_route=\/wp\/v2\/posts"}],"about":[{"href":"https:\/\/levangilealecran.com\/index.php?rest_route=\/wp\/v2\/types\/post"}],"author":[{"embeddable":true,"href":"https:\/\/levangilealecran.com\/index.php?rest_route=\/wp\/v2\/users\/2005"}],"replies":[{"embeddable":true,"href":"https:\/\/levangilealecran.com\/index.php?rest_route=%2Fwp%2Fv2%2Fcomments&post=3439"}],"version-history":[{"count":2,"href":"https:\/\/levangilealecran.com\/index.php?rest_route=\/wp\/v2\/posts\/3439\/revisions"}],"predecessor-version":[{"id":3442,"href":"https:\/\/levangilealecran.com\/index.php?rest_route=\/wp\/v2\/posts\/3439\/revisions\/3442"}],"wp:attachment":[{"href":"https:\/\/levangilealecran.com\/index.php?rest_route=%2Fwp%2Fv2%2Fmedia&parent=3439"}],"wp:term":[{"taxonomy":"category","embeddable":true,"href":"https:\/\/levangilealecran.com\/index.php?rest_route=%2Fwp%2Fv2%2Fcategories&post=3439"},{"taxonomy":"post_tag","embeddable":true,"href":"https:\/\/levangilealecran.com\/index.php?rest_route=%2Fwp%2Fv2%2Ftags&post=3439"}],"curies":[{"name":"wp","href":"https:\/\/api.w.org\/{rel}","templated":true}]}}