{"id":3429,"date":"2026-02-20T06:00:00","date_gmt":"2026-02-20T05:00:00","guid":{"rendered":"https:\/\/levangilealecran.com\/?p=3429"},"modified":"2026-02-19T17:36:32","modified_gmt":"2026-02-19T16:36:32","slug":"1e-dimanche-de-careme-annee-a-22-fevrier-2026","status":"publish","type":"post","link":"https:\/\/levangilealecran.com\/?p=3429","title":{"rendered":"1e Dimanche de Car\u00eame \u2013 Ann\u00e9e A \u2013 22 f\u00e9vrier 2026"},"content":{"rendered":"\n<blockquote class=\"wp-block-quote is-layout-flow wp-block-quote-is-layout-flow\">\n<p class=\"wp-block-paragraph\">\u00ab Si tu es le Fils de Dieu\u2026 \u00bb<br>[&#8230;] \u00ab Tout cela, je te le donnerai, si tu te prosternes devant moi. \u00bb<\/p>\n<cite>(Mt 4, 3.6.9)<\/cite><\/blockquote>\n\n\n\n<figure class=\"wp-block-image size-large is-resized\"><a href=\"https:\/\/levangilealecran.com\/wp-content\/uploads\/2026\/02\/stencil.facebook-ad-carousel2.png\"><img loading=\"lazy\" decoding=\"async\" width=\"1024\" height=\"1024\" src=\"https:\/\/levangilealecran.com\/wp-content\/uploads\/2026\/02\/stencil.facebook-ad-carousel2-1024x1024.png\" alt=\"\" class=\"wp-image-3430\" style=\"width:600px\" srcset=\"https:\/\/levangilealecran.com\/wp-content\/uploads\/2026\/02\/stencil.facebook-ad-carousel2-1024x1024.png 1024w, https:\/\/levangilealecran.com\/wp-content\/uploads\/2026\/02\/stencil.facebook-ad-carousel2-300x300.png 300w, https:\/\/levangilealecran.com\/wp-content\/uploads\/2026\/02\/stencil.facebook-ad-carousel2-150x150.png 150w, https:\/\/levangilealecran.com\/wp-content\/uploads\/2026\/02\/stencil.facebook-ad-carousel2-768x768.png 768w, https:\/\/levangilealecran.com\/wp-content\/uploads\/2026\/02\/stencil.facebook-ad-carousel2.png 1200w\" sizes=\"auto, (max-width: 1024px) 100vw, 1024px\" \/><\/a><\/figure>\n\n\n\n<p class=\"wp-block-paragraph\">> Au bapt\u00eame, Dieu avait parl\u00e9 \u00e0 l\u2019indicatif : \u00ab Celui-ci est mon Fils bien-aim\u00e9. \u00bb Au d\u00e9sert, une autre voix se l\u00e8ve \u2014 et elle parle autrement. \u00ab <em>SI <\/em>tu es le Fils de Dieu\u2026 \u00bb Deux fois. Puis encore : \u00ab Tout cela, je te le donnerai, <em>SI <\/em>tu te prosternes devant moi. \u00bb Le m\u00eame mot revient, comme un refrain discret : <em>SI<\/em>. Dieu affirme. Le diable conditionne. Il ne conteste pas ouvertement l\u2019identit\u00e9 de J\u00e9sus ; il la met \u00e0 l\u2019\u00e9preuve. Il glisse le doute, puis il introduit le marchandage. D\u2019abord : prouve qui tu es. Ensuite : gagne sans passer par le chemin du P\u00e8re. Ce qui \u00e9tait donn\u00e9 gratuitement devient quelque chose \u00e0 d\u00e9montrer, puis \u00e0 n\u00e9gocier.<\/p>\n\n\n\n<p class=\"wp-block-paragraph\">> Cette petite syllabe traverse aussi nos semaines. \u00ab <em>Si <\/em>tu \u00e9tais vraiment croyant\u2026 <em>si <\/em>tu \u00e9tais vraiment \u00e0 la hauteur\u2026 \u00bb Alors nous cherchons \u00e0 prouver, \u00e0 r\u00e9ussir, \u00e0 convaincre \u2014 parfois m\u00eame \u00e0 faire des compromis pour obtenir plus vite ce que nous d\u00e9sirons. Pourtant, Dieu ne nous parle pas au conditionnel. Il dit : \u00ab Tu es mon fils, tu es ma fille. \u00bb Celui qui re\u00e7oit cette parole n\u2019a rien \u00e0 prouver et rien \u00e0 vendre. En ce d\u00e9but de Car\u00eame, demandons la gr\u00e2ce de rester dans l\u2019affirmation paisible de Dieu, sans entrer dans les march\u00e9s du doute. Que sa Parole nous suffise et nous garde fid\u00e8les. Amen.<\/p>\n","protected":false},"excerpt":{"rendered":"<p>\u00ab Si tu es le Fils de Dieu\u2026 \u00bb[&#8230;] \u00ab Tout cela, je te le donnerai, si tu te prosternes devant moi. \u00bb (Mt 4, 3.6.9) > Au bapt\u00eame, Dieu avait parl\u00e9 \u00e0 l\u2019indicatif : \u00ab Celui-ci est mon Fils bien-aim\u00e9. \u00bb Au d\u00e9sert, une autre voix se l\u00e8ve \u2014 et elle parle autrement. \u00ab SI tu es le Fils de Dieu\u2026 \u00bb Deux fois. Puis encore : \u00ab Tout cela, je te le donnerai, SI tu te prosternes devant moi. \u00bb Le m\u00eame mot revient, comme un refrain discret : SI. Dieu affirme. Le diable conditionne. Il ne conteste pas ouvertement l\u2019identit\u00e9 de J\u00e9sus ; il la met \u00e0 \u2026 <a class=\"continue-reading-link\" href=\"https:\/\/levangilealecran.com\/?p=3429\"> Continue reading <span class=\"meta-nav\">&rarr; <\/span><\/a><\/p>\n","protected":false},"author":2005,"featured_media":0,"comment_status":"open","ping_status":"open","sticky":false,"template":"","format":"standard","meta":{"footnotes":""},"categories":[44,4,8],"tags":[],"class_list":["post-3429","post","type-post","status-publish","format-standard","hentry","category-careme","category-dimanche","category-matthieu"],"_links":{"self":[{"href":"https:\/\/levangilealecran.com\/index.php?rest_route=\/wp\/v2\/posts\/3429","targetHints":{"allow":["GET"]}}],"collection":[{"href":"https:\/\/levangilealecran.com\/index.php?rest_route=\/wp\/v2\/posts"}],"about":[{"href":"https:\/\/levangilealecran.com\/index.php?rest_route=\/wp\/v2\/types\/post"}],"author":[{"embeddable":true,"href":"https:\/\/levangilealecran.com\/index.php?rest_route=\/wp\/v2\/users\/2005"}],"replies":[{"embeddable":true,"href":"https:\/\/levangilealecran.com\/index.php?rest_route=%2Fwp%2Fv2%2Fcomments&post=3429"}],"version-history":[{"count":2,"href":"https:\/\/levangilealecran.com\/index.php?rest_route=\/wp\/v2\/posts\/3429\/revisions"}],"predecessor-version":[{"id":3438,"href":"https:\/\/levangilealecran.com\/index.php?rest_route=\/wp\/v2\/posts\/3429\/revisions\/3438"}],"wp:attachment":[{"href":"https:\/\/levangilealecran.com\/index.php?rest_route=%2Fwp%2Fv2%2Fmedia&parent=3429"}],"wp:term":[{"taxonomy":"category","embeddable":true,"href":"https:\/\/levangilealecran.com\/index.php?rest_route=%2Fwp%2Fv2%2Fcategories&post=3429"},{"taxonomy":"post_tag","embeddable":true,"href":"https:\/\/levangilealecran.com\/index.php?rest_route=%2Fwp%2Fv2%2Ftags&post=3429"}],"curies":[{"name":"wp","href":"https:\/\/api.w.org\/{rel}","templated":true}]}}