{"id":3420,"date":"2026-02-06T06:00:00","date_gmt":"2026-02-06T05:00:00","guid":{"rendered":"https:\/\/levangilealecran.com\/?p=3420"},"modified":"2026-02-04T10:54:19","modified_gmt":"2026-02-04T09:54:19","slug":"5e-dimanche-du-temps-ordinaire-a-8-fevrier-2026","status":"publish","type":"post","link":"https:\/\/levangilealecran.com\/?p=3420","title":{"rendered":"5e Dimanche du temps ordinaire \u2013 A &#8211; 8 f\u00e9vrier 2026"},"content":{"rendered":"\n<blockquote class=\"wp-block-quote is-layout-flow wp-block-quote-is-layout-flow\">\n<p class=\"wp-block-paragraph\">\u00ab De m\u00eame, que votre lumi\u00e8re brille devant les hommes : alors, voyant ce que vous faites de bien, ils rendront gloire \u00e0 votre P\u00e8re qui est aux cieux. \u00bb<\/p>\n<cite>(Matthieu 5,16)<\/cite><\/blockquote>\n\n\n\n<figure class=\"wp-block-image size-large is-resized\"><a href=\"https:\/\/levangilealecran.com\/wp-content\/uploads\/2026\/02\/EALE-8-fevrier-2026-publication-le-6-Mt-5-16.jpg\"><img loading=\"lazy\" decoding=\"async\" width=\"1024\" height=\"715\" src=\"https:\/\/levangilealecran.com\/wp-content\/uploads\/2026\/02\/EALE-8-fevrier-2026-publication-le-6-Mt-5-16-1024x715.jpg\" alt=\"\" class=\"wp-image-3421\" style=\"width:600px\" srcset=\"https:\/\/levangilealecran.com\/wp-content\/uploads\/2026\/02\/EALE-8-fevrier-2026-publication-le-6-Mt-5-16-1024x715.jpg 1024w, https:\/\/levangilealecran.com\/wp-content\/uploads\/2026\/02\/EALE-8-fevrier-2026-publication-le-6-Mt-5-16-300x209.jpg 300w, https:\/\/levangilealecran.com\/wp-content\/uploads\/2026\/02\/EALE-8-fevrier-2026-publication-le-6-Mt-5-16-768x536.jpg 768w, https:\/\/levangilealecran.com\/wp-content\/uploads\/2026\/02\/EALE-8-fevrier-2026-publication-le-6-Mt-5-16-1536x1072.jpg 1536w, https:\/\/levangilealecran.com\/wp-content\/uploads\/2026\/02\/EALE-8-fevrier-2026-publication-le-6-Mt-5-16-150x105.jpg 150w, https:\/\/levangilealecran.com\/wp-content\/uploads\/2026\/02\/EALE-8-fevrier-2026-publication-le-6-Mt-5-16-215x150.jpg 215w, https:\/\/levangilealecran.com\/wp-content\/uploads\/2026\/02\/EALE-8-fevrier-2026-publication-le-6-Mt-5-16-1320x921.jpg 1320w, https:\/\/levangilealecran.com\/wp-content\/uploads\/2026\/02\/EALE-8-fevrier-2026-publication-le-6-Mt-5-16.jpg 1755w\" sizes=\"auto, (max-width: 1024px) 100vw, 1024px\" \/><\/a><\/figure>\n\n\n\n<p class=\"wp-block-paragraph\">> Nos dons, nos qualit\u00e9s, nos talents ne sont pas faits pour \u00eatre cach\u00e9s, exactement comme une lampe n\u2019est pas faite pour \u00eatre gliss\u00e9e sous un lit (sauf si l\u2019on recherche un objet perdu en-dessous, \u00e9videmment !)<\/p>\n\n\n\n<p class=\"wp-block-paragraph\">&gt; Et pourtant ! Qu\u2019est-ce qu\u2019elle avait mauvaise presse, la personne qui mettait en avant ses dons, les mettait en lumi\u00e8re, les rendait visibles ! Pendant des si\u00e8cles, on avait meilleur temps de ne surtout pas faire cela si l\u2019on voulait passer pour un bon chr\u00e9tien\u2026 D\u00e8s qu\u2019une personne montrait ses talents, on la taxait d\u2019\u00e9gocentrisme. Cette fausse vision d\u2019une humilit\u00e9 gommant toutes nos qualit\u00e9s n\u2019est pas tout \u00e0 fait gu\u00e9rie : aujourd\u2019hui ce sont celles et ceux qui se montrent sur YouTube et les r\u00e9seaux sociaux qui sont suspect\u00e9s d\u2019\u00eatre de mauvais chr\u00e9tiens \u00ab parce qu\u2019on les voit trop \u00bb.<\/p>\n\n\n\n<p class=\"wp-block-paragraph\">&gt; Dieu ne nous demande pas d\u2019\u00eatre imbus de nous-m\u00eames. Mais il nous demande de mettre en lumi\u00e8re les qualit\u00e9s qu\u2019il nous a donn\u00e9es, pour qu\u2019elles soient au service des autres, exactement comme la lumi\u00e8re \u00e9claire celui qui en a besoin. Alors, sans vous croire des stars pour autant, \u00ab que votre lumi\u00e8re brille devant les hommes \u00bb, c\u2019est J\u00e9sus qui vous le demande.<\/p>\n","protected":false},"excerpt":{"rendered":"<p>\u00ab De m\u00eame, que votre lumi\u00e8re brille devant les hommes : alors, voyant ce que vous faites de bien, ils rendront gloire \u00e0 votre P\u00e8re qui est aux cieux. \u00bb (Matthieu 5,16) > Nos dons, nos qualit\u00e9s, nos talents ne sont pas faits pour \u00eatre cach\u00e9s, exactement comme une lampe n\u2019est pas faite pour \u00eatre gliss\u00e9e sous un lit (sauf si l\u2019on recherche un objet perdu en-dessous, \u00e9videmment !) &gt; Et pourtant ! Qu\u2019est-ce qu\u2019elle avait mauvaise presse, la personne qui mettait en avant ses dons, les mettait en lumi\u00e8re, les rendait visibles ! Pendant des si\u00e8cles, on avait meilleur temps de ne surtout pas faire cela si l\u2019on voulait \u2026 <a class=\"continue-reading-link\" href=\"https:\/\/levangilealecran.com\/?p=3420\"> Continue reading <span class=\"meta-nav\">&rarr; <\/span><\/a><\/p>\n","protected":false},"author":2005,"featured_media":0,"comment_status":"open","ping_status":"open","sticky":false,"template":"","format":"standard","meta":{"footnotes":""},"categories":[4,8],"tags":[],"class_list":["post-3420","post","type-post","status-publish","format-standard","hentry","category-dimanche","category-matthieu"],"_links":{"self":[{"href":"https:\/\/levangilealecran.com\/index.php?rest_route=\/wp\/v2\/posts\/3420","targetHints":{"allow":["GET"]}}],"collection":[{"href":"https:\/\/levangilealecran.com\/index.php?rest_route=\/wp\/v2\/posts"}],"about":[{"href":"https:\/\/levangilealecran.com\/index.php?rest_route=\/wp\/v2\/types\/post"}],"author":[{"embeddable":true,"href":"https:\/\/levangilealecran.com\/index.php?rest_route=\/wp\/v2\/users\/2005"}],"replies":[{"embeddable":true,"href":"https:\/\/levangilealecran.com\/index.php?rest_route=%2Fwp%2Fv2%2Fcomments&post=3420"}],"version-history":[{"count":1,"href":"https:\/\/levangilealecran.com\/index.php?rest_route=\/wp\/v2\/posts\/3420\/revisions"}],"predecessor-version":[{"id":3422,"href":"https:\/\/levangilealecran.com\/index.php?rest_route=\/wp\/v2\/posts\/3420\/revisions\/3422"}],"wp:attachment":[{"href":"https:\/\/levangilealecran.com\/index.php?rest_route=%2Fwp%2Fv2%2Fmedia&parent=3420"}],"wp:term":[{"taxonomy":"category","embeddable":true,"href":"https:\/\/levangilealecran.com\/index.php?rest_route=%2Fwp%2Fv2%2Fcategories&post=3420"},{"taxonomy":"post_tag","embeddable":true,"href":"https:\/\/levangilealecran.com\/index.php?rest_route=%2Fwp%2Fv2%2Ftags&post=3420"}],"curies":[{"name":"wp","href":"https:\/\/api.w.org\/{rel}","templated":true}]}}