{"id":3408,"date":"2026-01-16T06:00:00","date_gmt":"2026-01-16T05:00:00","guid":{"rendered":"https:\/\/levangilealecran.com\/?p=3408"},"modified":"2026-01-14T18:28:32","modified_gmt":"2026-01-14T17:28:32","slug":"2e-dimanche-du-temps-ordinaire-a-18-janvier-2026","status":"publish","type":"post","link":"https:\/\/levangilealecran.com\/?p=3408","title":{"rendered":"2e Dimanche du temps ordinaire \u00a0\u2013 A\u00a0 &#8211; 18 janvier 2026"},"content":{"rendered":"\n<blockquote class=\"wp-block-quote is-layout-flow wp-block-quote-is-layout-flow\">\n<p class=\"wp-block-paragraph\"><em>\u201cMoi, j\u2019ai vu, et je rends t\u00e9moignage : c\u2019est lui le Fils de Dieu. \u00bb\u00a0<\/em><\/p>\n<cite><em>Jean 1,34<\/em><\/cite><\/blockquote>\n\n\n\n<figure class=\"wp-block-image size-full\"><a href=\"https:\/\/levangilealecran.com\/wp-content\/uploads\/2026\/01\/20260116Image1.jpg\"><img loading=\"lazy\" decoding=\"async\" width=\"452\" height=\"282\" src=\"https:\/\/levangilealecran.com\/wp-content\/uploads\/2026\/01\/20260116Image1.jpg\" alt=\"\" class=\"wp-image-3409\" srcset=\"https:\/\/levangilealecran.com\/wp-content\/uploads\/2026\/01\/20260116Image1.jpg 452w, https:\/\/levangilealecran.com\/wp-content\/uploads\/2026\/01\/20260116Image1-300x187.jpg 300w, https:\/\/levangilealecran.com\/wp-content\/uploads\/2026\/01\/20260116Image1-150x94.jpg 150w, https:\/\/levangilealecran.com\/wp-content\/uploads\/2026\/01\/20260116Image1-240x150.jpg 240w\" sizes=\"auto, (max-width: 452px) 100vw, 452px\" \/><\/a><\/figure>\n\n\n\n<p class=\"wp-block-paragraph\">> Nous voici encore avec Jean Baptiste, pr\u00e9curseur et t\u00e9moin, qui nous accompagne bien au-del\u00e0 de l\u2019Avent et de No\u00ebl, jusque dans ce temps appel\u00e9 \u201cordinaire\u201c o\u00f9 commence la vie publique de J\u00e9sus. Car oui, enfin Jean le voit, celui qu\u2019il avait annonc\u00e9 sans le conna\u00eetre.<\/p>\n\n\n\n<p class=\"wp-block-paragraph\">\u00ab Voici l\u2019Agneau de Dieu, qui enl\u00e8ve le p\u00e9ch\u00e9 du monde.\u201d \u2013 Etrange pr\u00e9sentation.<\/p>\n\n\n\n<p class=\"wp-block-paragraph\">Notre r\u00e9cit n\u2019a pas pour but de raconter une rencontre entre cousins. Il nous met en pr\u00e9sence du Messie, per\u00e7u par Jean comme cet <em>Agneau de P\u00e2ques<\/em> immol\u00e9 lors de la sortie d\u2019Egypte et la lib\u00e9ration de l\u2019esclavage. Il le reconna\u00eet dans sa pl\u00e9nitude de Fils sur qui repose l\u2019Esprit. La &nbsp;mission du Baptiste se trouve accomplie: \u00catre la voix qui conduit \u00e0 cet Autre, plus grand que lui &#8211; et s\u2019effacer.<\/p>\n\n\n\n<p class=\"wp-block-paragraph\">> Il peut inspirer notre vie de baptis\u00e9s: Aspirer \u00e0 laisser toute la place \u00e0 J\u00e9sus, pr\u00e9sent dans ses fr\u00e8res et s\u0153urs \u2013 les n\u00f4tres. Renoncer \u00e0 vouloir tout ramener \u00e0 nous-m\u00eames, \u00e0 ce cher MOI-JE, et laisser la place, laisser la parole \u00e0 l\u2019autre, ce petit plus grand que nous. Un bonheur \u00e0 d\u00e9couvrir en cours d\u2019emploi.<\/p>\n","protected":false},"excerpt":{"rendered":"<p>\u201cMoi, j\u2019ai vu, et je rends t\u00e9moignage : c\u2019est lui le Fils de Dieu. \u00bb\u00a0 Jean 1,34 > Nous voici encore avec Jean Baptiste, pr\u00e9curseur et t\u00e9moin, qui nous accompagne bien au-del\u00e0 de l\u2019Avent et de No\u00ebl, jusque dans ce temps appel\u00e9 \u201cordinaire\u201c o\u00f9 commence la vie publique de J\u00e9sus. Car oui, enfin Jean le voit, celui qu\u2019il avait annonc\u00e9 sans le conna\u00eetre. \u00ab Voici l\u2019Agneau de Dieu, qui enl\u00e8ve le p\u00e9ch\u00e9 du monde.\u201d \u2013 Etrange pr\u00e9sentation. Notre r\u00e9cit n\u2019a pas pour but de raconter une rencontre entre cousins. Il nous met en pr\u00e9sence du Messie, per\u00e7u par Jean comme cet Agneau de P\u00e2ques immol\u00e9 lors de la sortie d\u2019Egypte \u2026 <a class=\"continue-reading-link\" href=\"https:\/\/levangilealecran.com\/?p=3408\"> Continue reading <span class=\"meta-nav\">&rarr; <\/span><\/a><\/p>\n","protected":false},"author":2005,"featured_media":0,"comment_status":"open","ping_status":"open","sticky":false,"template":"","format":"standard","meta":{"footnotes":""},"categories":[4,5],"tags":[],"class_list":["post-3408","post","type-post","status-publish","format-standard","hentry","category-dimanche","category-jean"],"_links":{"self":[{"href":"https:\/\/levangilealecran.com\/index.php?rest_route=\/wp\/v2\/posts\/3408","targetHints":{"allow":["GET"]}}],"collection":[{"href":"https:\/\/levangilealecran.com\/index.php?rest_route=\/wp\/v2\/posts"}],"about":[{"href":"https:\/\/levangilealecran.com\/index.php?rest_route=\/wp\/v2\/types\/post"}],"author":[{"embeddable":true,"href":"https:\/\/levangilealecran.com\/index.php?rest_route=\/wp\/v2\/users\/2005"}],"replies":[{"embeddable":true,"href":"https:\/\/levangilealecran.com\/index.php?rest_route=%2Fwp%2Fv2%2Fcomments&post=3408"}],"version-history":[{"count":1,"href":"https:\/\/levangilealecran.com\/index.php?rest_route=\/wp\/v2\/posts\/3408\/revisions"}],"predecessor-version":[{"id":3410,"href":"https:\/\/levangilealecran.com\/index.php?rest_route=\/wp\/v2\/posts\/3408\/revisions\/3410"}],"wp:attachment":[{"href":"https:\/\/levangilealecran.com\/index.php?rest_route=%2Fwp%2Fv2%2Fmedia&parent=3408"}],"wp:term":[{"taxonomy":"category","embeddable":true,"href":"https:\/\/levangilealecran.com\/index.php?rest_route=%2Fwp%2Fv2%2Fcategories&post=3408"},{"taxonomy":"post_tag","embeddable":true,"href":"https:\/\/levangilealecran.com\/index.php?rest_route=%2Fwp%2Fv2%2Ftags&post=3408"}],"curies":[{"name":"wp","href":"https:\/\/api.w.org\/{rel}","templated":true}]}}