{"id":3401,"date":"2026-01-09T06:00:00","date_gmt":"2026-01-09T05:00:00","guid":{"rendered":"https:\/\/levangilealecran.com\/?p=3401"},"modified":"2026-01-08T02:10:06","modified_gmt":"2026-01-08T01:10:06","slug":"dimanche-du-bapteme-du-seigneur-annee-a-11-janvier-2026","status":"publish","type":"post","link":"https:\/\/levangilealecran.com\/?p=3401","title":{"rendered":"Dimanche du Bapt\u00eame du Seigneur \u2013 Ann\u00e9e A \u2013 11 janvier 2026"},"content":{"rendered":"\n<blockquote class=\"wp-block-quote is-layout-flow wp-block-quote-is-layout-flow\">\n<p class=\"wp-block-paragraph\"><em>\u00ab Celui-ci est mon Fils bien-aim\u00e9, en qui je trouve ma joie. \u00bb<\/em><\/p>\n<cite>(Matthieu 3,17)<\/cite><\/blockquote>\n\n\n\n<figure class=\"wp-block-image size-full\"><a href=\"https:\/\/levangilealecran.com\/wp-content\/uploads\/2026\/01\/stencil.facebook-ad-carousel4.jpg\"><img loading=\"lazy\" decoding=\"async\" width=\"600\" height=\"600\" src=\"https:\/\/levangilealecran.com\/wp-content\/uploads\/2026\/01\/stencil.facebook-ad-carousel4.jpg\" alt=\"\" class=\"wp-image-3402\" srcset=\"https:\/\/levangilealecran.com\/wp-content\/uploads\/2026\/01\/stencil.facebook-ad-carousel4.jpg 600w, https:\/\/levangilealecran.com\/wp-content\/uploads\/2026\/01\/stencil.facebook-ad-carousel4-300x300.jpg 300w, https:\/\/levangilealecran.com\/wp-content\/uploads\/2026\/01\/stencil.facebook-ad-carousel4-150x150.jpg 150w\" sizes=\"auto, (max-width: 600px) 100vw, 600px\" \/><\/a><figcaption class=\"wp-element-caption\">(Image : <em>Qasr el Yahud, sur les rives du Jourdain, l\u2019un des lieux traditionnellement associ\u00e9s au bapt\u00eame de J\u00e9sus.<\/em>)<\/figcaption><\/figure>\n\n\n\n<p class=\"wp-block-paragraph\">&gt; Le Jourdain n\u2019a rien d\u2019un fleuve majestueux. C\u2019est une rivi\u00e8re \u00e9troite, aux eaux parfois troubles, que J\u00e9sus choisit pourtant pour s\u2019y plonger. Il ne fait pas semblant : il descend vraiment. Lui, le Fils, entre dans les eaux comme un homme parmi les hommes, comme s\u2019il voulait rejoindre ce qui est lourd, opaque, enfoui. Et soudain, les cieux s\u2019ouvrent. Le P\u00e8re parle. Non pour glorifier, mais pour aimer : <em>\u00ab Celui-ci est mon Fils bien-aim\u00e9, en qui je trouve ma joie. \u00bb<\/em> Une parole qui dit la dignit\u00e9 re\u00e7ue, l\u2019appartenance profonde, la joie d\u2019un lien que rien ne peut briser.<\/p>\n\n\n\n<p class=\"wp-block-paragraph\">&gt; Il y a des semaines o\u00f9 les mots semblent trop fragiles, o\u00f9 m\u00eame les silences ont du poids. Le drame de Crans-Montana, en cette nuit de f\u00eate devenue nuit de deuil, a laiss\u00e9 notre pays sous le choc. D&rsquo;autres, ailleurs, portent aussi des pertes lourdes, des blessures profondes, des silences qui crient. Et pourtant, l\u2019\u00c9vangile ose encore une parole : non pour effacer la peine, mais pour la traverser. Ce n\u2019est pas parce que tout va bien que cette parole r\u00e9sonne. C\u2019est parce que Dieu s\u2019y engage. Et au c\u0153ur m\u00eame des eaux sombres, une voix continue de nous rappeler : <em>\u00ab Tu es mon enfant bien-aim\u00e9. \u00bb<\/em> Que cette parole soit pour nous, en ces jours, un abri et une force. Qu\u2019elle ravive en nous la confiance que, m\u00eame l\u00e0 o\u00f9 l\u2019on ne voit plus clair, l\u2019Esprit descend encore, discret comme une colombe. Et que ce souffle nous rel\u00e8ve. Amen.<\/p>\n\n\n\n<p class=\"wp-block-paragraph\">> Toute l\u2019\u00e9quipe des r\u00e9dacteurs de <em>L\u2019\u00c9vangile \u00e0 l\u2019\u00e9cran<\/em> est en communion de pri\u00e8re avec celles et ceux qui, cette semaine, traversent l\u2019\u00e9preuve.<\/p>\n","protected":false},"excerpt":{"rendered":"<p>\u00ab Celui-ci est mon Fils bien-aim\u00e9, en qui je trouve ma joie. \u00bb (Matthieu 3,17) &gt; Le Jourdain n\u2019a rien d\u2019un fleuve majestueux. C\u2019est une rivi\u00e8re \u00e9troite, aux eaux parfois troubles, que J\u00e9sus choisit pourtant pour s\u2019y plonger. Il ne fait pas semblant : il descend vraiment. Lui, le Fils, entre dans les eaux comme un homme parmi les hommes, comme s\u2019il voulait rejoindre ce qui est lourd, opaque, enfoui. Et soudain, les cieux s\u2019ouvrent. Le P\u00e8re parle. Non pour glorifier, mais pour aimer : \u00ab Celui-ci est mon Fils bien-aim\u00e9, en qui je trouve ma joie. \u00bb Une parole qui dit la dignit\u00e9 re\u00e7ue, l\u2019appartenance profonde, la joie d\u2019un \u2026 <a class=\"continue-reading-link\" href=\"https:\/\/levangilealecran.com\/?p=3401\"> Continue reading <span class=\"meta-nav\">&rarr; <\/span><\/a><\/p>\n","protected":false},"author":2005,"featured_media":0,"comment_status":"open","ping_status":"open","sticky":false,"template":"","format":"standard","meta":{"footnotes":""},"categories":[4,24,8],"tags":[],"class_list":["post-3401","post","type-post","status-publish","format-standard","hentry","category-dimanche","category-fetes","category-matthieu"],"_links":{"self":[{"href":"https:\/\/levangilealecran.com\/index.php?rest_route=\/wp\/v2\/posts\/3401","targetHints":{"allow":["GET"]}}],"collection":[{"href":"https:\/\/levangilealecran.com\/index.php?rest_route=\/wp\/v2\/posts"}],"about":[{"href":"https:\/\/levangilealecran.com\/index.php?rest_route=\/wp\/v2\/types\/post"}],"author":[{"embeddable":true,"href":"https:\/\/levangilealecran.com\/index.php?rest_route=\/wp\/v2\/users\/2005"}],"replies":[{"embeddable":true,"href":"https:\/\/levangilealecran.com\/index.php?rest_route=%2Fwp%2Fv2%2Fcomments&post=3401"}],"version-history":[{"count":4,"href":"https:\/\/levangilealecran.com\/index.php?rest_route=\/wp\/v2\/posts\/3401\/revisions"}],"predecessor-version":[{"id":3406,"href":"https:\/\/levangilealecran.com\/index.php?rest_route=\/wp\/v2\/posts\/3401\/revisions\/3406"}],"wp:attachment":[{"href":"https:\/\/levangilealecran.com\/index.php?rest_route=%2Fwp%2Fv2%2Fmedia&parent=3401"}],"wp:term":[{"taxonomy":"category","embeddable":true,"href":"https:\/\/levangilealecran.com\/index.php?rest_route=%2Fwp%2Fv2%2Fcategories&post=3401"},{"taxonomy":"post_tag","embeddable":true,"href":"https:\/\/levangilealecran.com\/index.php?rest_route=%2Fwp%2Fv2%2Ftags&post=3401"}],"curies":[{"name":"wp","href":"https:\/\/api.w.org\/{rel}","templated":true}]}}