{"id":3395,"date":"2025-12-25T06:00:00","date_gmt":"2025-12-25T05:00:00","guid":{"rendered":"https:\/\/levangilealecran.com\/?p=3395"},"modified":"2025-12-19T22:50:47","modified_gmt":"2025-12-19T21:50:47","slug":"dimanche-de-la-nativite-du-seigneur-a-25-decembre-2025","status":"publish","type":"post","link":"https:\/\/levangilealecran.com\/?p=3395","title":{"rendered":"Dimanche de la Nativit\u00e9 du Seigneur &#8211; A &#8211; 25 d\u00e9cembre 2025"},"content":{"rendered":"\n<blockquote class=\"wp-block-quote is-layout-flow wp-block-quote-is-layout-flow\">\n<p class=\"wp-block-paragraph\">\u00ab Tous nous avons eu part \u00e0 sa pl\u00e9nitude ; nous avons re\u00e7u un don apr\u00e8s l\u2019autre. Dieu nous a donn\u00e9 la loi par Mo\u00efse ; mais le don de la v\u00e9rit\u00e9 est venu par J\u00e9sus-Christ. Personne n\u2019a jamais vu Dieu. Mais le Fils unique, qui est Dieu et qui vit dans l\u2019intimit\u00e9 du P\u00e8re, lui seul l\u2019a fait conna\u00eetre. \u00bb<\/p>\n<cite>Jean 1.16-18<\/cite><\/blockquote>\n\n\n\n<figure class=\"wp-block-image size-full is-resized\"><a href=\"https:\/\/levangilealecran.com\/wp-content\/uploads\/2025\/12\/stencil.facebook-ad-carousel.jpg\"><img loading=\"lazy\" decoding=\"async\" width=\"600\" height=\"600\" src=\"https:\/\/levangilealecran.com\/wp-content\/uploads\/2025\/12\/stencil.facebook-ad-carousel.jpg\" alt=\"\" class=\"wp-image-3396\" style=\"width:600px\" srcset=\"https:\/\/levangilealecran.com\/wp-content\/uploads\/2025\/12\/stencil.facebook-ad-carousel.jpg 600w, https:\/\/levangilealecran.com\/wp-content\/uploads\/2025\/12\/stencil.facebook-ad-carousel-300x300.jpg 300w, https:\/\/levangilealecran.com\/wp-content\/uploads\/2025\/12\/stencil.facebook-ad-carousel-150x150.jpg 150w\" sizes=\"auto, (max-width: 600px) 100vw, 600px\" \/><\/a><\/figure>\n\n\n\n<p class=\"wp-block-paragraph\">Joyeux No\u00ebl&#8230; vu d\u2019en-haut !<\/p>\n\n\n\n<p class=\"wp-block-paragraph\">> Les \u00c9vangiles de Matthieu et Luc nous racontent la nativit\u00e9 tels que des t\u00e9moins oculaires l\u2019ont report\u00e9e, et nous y rencontrons la <em>\u00ab\u00a0sainte famille\u00a0\u00bb<\/em>. L\u2019auteur du quatri\u00e8me \u00c9vangile nous fait le cadeau de d\u00e9couvrir \u00ab\u00a0No\u00ebl vu d\u2019en-haut\u00a0\u00bb, depuis la perspective c\u00e9leste, et l\u00e8ve ainsi un bout du voile qui nous fait entrevoir la <em>\u00ab\u00a0sainte famille c\u00e9leste\u00a0\u00bb<\/em>.<\/p>\n\n\n\n<p class=\"wp-block-paragraph\">> La forme po\u00e9tique invite \u00e0 la m\u00e9ditation, \u00e0 la contemplation et \u00e0 l\u2019\u00e9merveillement. Si vous avez du temps autour de ce changement de l\u2019an (ou d\u00e9cidez d\u2019en prendre), profitez pour m\u00e9diter ces 18 premiers versets de l\u2019\u0153uvre attribu\u00e9e \u00e0 Jean. <strong>C\u2019est un vrai repas de f\u00eate spirituel<\/strong>\u00a0: il y est question de<\/p>\n\n\n\n<p class=\"has-text-align-center wp-block-paragraph\"><em>la Parole, la Vie, la Lumi\u00e8re, la Gloire, la V\u00e9rit\u00e9,<\/em><\/p>\n\n\n\n<p class=\"wp-block-paragraph\">autant de dons qui sont d\u00e9peints comme sur un tableau impressionniste dans ce prologue de l\u2019\u00c9vangile. Ils seront d\u00e9velopp\u00e9s tout au long du livre.<\/p>\n\n\n\n<p class=\"wp-block-paragraph\">&gt; Le plus pr\u00e9cieux d\u2019entre eux que J\u00e9sus vient partager, c\u2019est l\u2019intimit\u00e9 que les enfants de son P\u00e8re c\u00e9leste peuvent exp\u00e9rimenter \u00e0 sa suite. Il est venu pour nous la faire conna\u00eetre et nous y faire go\u00fbter \u00e0 notre tour&nbsp;! Laissons J\u00e9sus nous prendre par la main et nous conduire plus profond\u00e9ment dans cette relation d\u2019amour avec son P\u00e8re, qui est aussi notre P\u00e8re (Jean 20.17)&nbsp;! Et pourquoi ne pas partager la joie qui en d\u00e9coule avec ceux qui nous entourent.<\/p>\n\n\n\n<p class=\"wp-block-paragraph\">Bon repas de f\u00eate spirituel&nbsp;dans l\u2019intimit\u00e9 de notre Dieu&nbsp;!<\/p>\n","protected":false},"excerpt":{"rendered":"<p>\u00ab Tous nous avons eu part \u00e0 sa pl\u00e9nitude ; nous avons re\u00e7u un don apr\u00e8s l\u2019autre. Dieu nous a donn\u00e9 la loi par Mo\u00efse ; mais le don de la v\u00e9rit\u00e9 est venu par J\u00e9sus-Christ. Personne n\u2019a jamais vu Dieu. Mais le Fils unique, qui est Dieu et qui vit dans l\u2019intimit\u00e9 du P\u00e8re, lui seul l\u2019a fait conna\u00eetre. \u00bb Jean 1.16-18 Joyeux No\u00ebl&#8230; vu d\u2019en-haut ! > Les \u00c9vangiles de Matthieu et Luc nous racontent la nativit\u00e9 tels que des t\u00e9moins oculaires l\u2019ont report\u00e9e, et nous y rencontrons la \u00ab\u00a0sainte famille\u00a0\u00bb. L\u2019auteur du quatri\u00e8me \u00c9vangile nous fait le cadeau de d\u00e9couvrir \u00ab\u00a0No\u00ebl vu d\u2019en-haut\u00a0\u00bb, depuis la perspective c\u00e9leste, \u2026 <a class=\"continue-reading-link\" href=\"https:\/\/levangilealecran.com\/?p=3395\"> Continue reading <span class=\"meta-nav\">&rarr; <\/span><\/a><\/p>\n","protected":false},"author":2005,"featured_media":0,"comment_status":"open","ping_status":"open","sticky":false,"template":"","format":"standard","meta":{"footnotes":""},"categories":[1],"tags":[],"class_list":["post-3395","post","type-post","status-publish","format-standard","hentry","category-sanscategorie"],"_links":{"self":[{"href":"https:\/\/levangilealecran.com\/index.php?rest_route=\/wp\/v2\/posts\/3395","targetHints":{"allow":["GET"]}}],"collection":[{"href":"https:\/\/levangilealecran.com\/index.php?rest_route=\/wp\/v2\/posts"}],"about":[{"href":"https:\/\/levangilealecran.com\/index.php?rest_route=\/wp\/v2\/types\/post"}],"author":[{"embeddable":true,"href":"https:\/\/levangilealecran.com\/index.php?rest_route=\/wp\/v2\/users\/2005"}],"replies":[{"embeddable":true,"href":"https:\/\/levangilealecran.com\/index.php?rest_route=%2Fwp%2Fv2%2Fcomments&post=3395"}],"version-history":[{"count":1,"href":"https:\/\/levangilealecran.com\/index.php?rest_route=\/wp\/v2\/posts\/3395\/revisions"}],"predecessor-version":[{"id":3397,"href":"https:\/\/levangilealecran.com\/index.php?rest_route=\/wp\/v2\/posts\/3395\/revisions\/3397"}],"wp:attachment":[{"href":"https:\/\/levangilealecran.com\/index.php?rest_route=%2Fwp%2Fv2%2Fmedia&parent=3395"}],"wp:term":[{"taxonomy":"category","embeddable":true,"href":"https:\/\/levangilealecran.com\/index.php?rest_route=%2Fwp%2Fv2%2Fcategories&post=3395"},{"taxonomy":"post_tag","embeddable":true,"href":"https:\/\/levangilealecran.com\/index.php?rest_route=%2Fwp%2Fv2%2Ftags&post=3395"}],"curies":[{"name":"wp","href":"https:\/\/api.w.org\/{rel}","templated":true}]}}