{"id":3390,"date":"2025-12-19T06:00:00","date_gmt":"2025-12-19T05:00:00","guid":{"rendered":"https:\/\/levangilealecran.com\/?p=3390"},"modified":"2025-12-19T00:07:10","modified_gmt":"2025-12-18T23:07:10","slug":"4e-dimanche-de-lavent-%f0%9f%95%af%ef%b8%8f%f0%9f%95%af%ef%b8%8f%f0%9f%95%af%ef%b8%8f%f0%9f%95%af%ef%b8%8f-a-21-decembre-2025","status":"publish","type":"post","link":"https:\/\/levangilealecran.com\/?p=3390","title":{"rendered":"4e dimanche de l\u2019Avent \ud83d\udd6f\ufe0f\ud83d\udd6f\ufe0f\ud83d\udd6f\ufe0f\ud83d\udd6f\ufe0f \u2013 A \u2013 21 d\u00e9cembre 2025"},"content":{"rendered":"\n<blockquote class=\"wp-block-quote is-layout-flow wp-block-quote-is-layout-flow\">\n<p class=\"wp-block-paragraph\">\ufe0f \u00ab\u202fTu lui donneras le nom de J\u00e9sus, c\u2019est-\u00e0-dire : Le-Seigneur-sauve.\u202f\u00bb<\/p>\n<cite>(Mt 1, 20)<\/cite><\/blockquote>\n\n\n\n<figure class=\"wp-block-image size-full is-resized\"><a href=\"https:\/\/levangilealecran.com\/wp-content\/uploads\/2025\/12\/soleil.jpg\"><img loading=\"lazy\" decoding=\"async\" width=\"889\" height=\"899\" src=\"https:\/\/levangilealecran.com\/wp-content\/uploads\/2025\/12\/soleil.jpg\" alt=\"\" class=\"wp-image-3391\" style=\"width:600px\" srcset=\"https:\/\/levangilealecran.com\/wp-content\/uploads\/2025\/12\/soleil.jpg 889w, https:\/\/levangilealecran.com\/wp-content\/uploads\/2025\/12\/soleil-297x300.jpg 297w, https:\/\/levangilealecran.com\/wp-content\/uploads\/2025\/12\/soleil-768x777.jpg 768w, https:\/\/levangilealecran.com\/wp-content\/uploads\/2025\/12\/soleil-148x150.jpg 148w\" sizes=\"auto, (max-width: 889px) 100vw, 889px\" \/><\/a><\/figure>\n\n\n\n<p class=\"wp-block-paragraph\">> Nous voici tout pr\u00e8s de No\u00ebl. En ce 21 d\u00e9cembre, une pri\u00e8re<sup data-fn=\"c0c68fdb-7ee9-4116-8a30-6fd9689f742b\" class=\"fn\"><a href=\"#c0c68fdb-7ee9-4116-8a30-6fd9689f742b\" id=\"c0c68fdb-7ee9-4116-8a30-6fd9689f742b-link\">1<\/a><\/sup> de l\u2019Avent, chant\u00e9e ou r\u00e9cit\u00e9e, \u00e9voque le Sauveur comme un \u00ab Soleil levant \u00bb, alors que l\u2019\u00c9vangile nous raconte comment Joseph, l\u2019\u00e9poux de Marie, apprit en songe le nom humain du Sauveur \u00e0 na\u00eetre.<\/p>\n\n\n\n<p class=\"wp-block-paragraph\"><strong>L\u2019histoire de ce couple<\/strong> n\u2019est pas ce qu\u2019il y a de plus glorieux\u202fpour l\u2019\u00e9poque en Orient\u202f: La fianc\u00e9e est enceinte avant le mariage, et ceci\u202fde \u201cp\u00e8re inconnu\u201c\u202f! C\u2019est le d\u00e9shonneur pour tous les deux et, en cons\u00e9quence, la r\u00e9pudiation de la jeune femme.<\/p>\n\n\n\n<p class=\"wp-block-paragraph\"><strong>L\u2019histoire du salut<\/strong>, elle, se situe \u00e0 un tout autre niveau. Il fallait une dose de foi extraordinaire \u00e0 Marie comme \u00e0 Joseph pour adh\u00e9rer au dessein de Dieu. Alors que Marie, ne connaissant pas d\u2019homme, avait dit son\u202f:\u202f\u00ab\u202fQu\u2019il me soit fait selon ta parole \u00bb, Joseph, de son c\u00f4t\u00e9, ayant d\u00e9j\u00e0 form\u00e9 son projet \u00e0 lui (v.20 a), applique sans discuter ce que l\u2019ange lui avait prescrit. La consigne\u202f: \u00ab\u202fTu lui donneras le nom de J\u00e9sus \u00bb, lui conf\u00e8re clairement l\u2019autorit\u00e9 paternelle sur l\u2019enfant qui na\u00eetra de son \u00e9pouse.<\/p>\n\n\n\n<p class=\"wp-block-paragraph\">> <strong>Son nom est J\u00e9sus, c\u2019est-\u00e0-dire\u202f: Le-Seigneur-sauve<\/strong>. La naissance de l\u2019Enfant-Dieu \u00e9tait en quelque sorte suspendue \u00e0 l\u2019ob\u00e9issance de foi d\u2019un jeune couple de gens \u00e0 l\u2019apparence toute ordinaire. Voil\u00e0 comment Dieu s\u2019y prend pour mettre en route le salut du monde. L\u2019invitation est lanc\u00e9e \u00e0 lui ouvrir, nous aussi, avec foi, notre simple quotidien pour qu\u2019il y r\u00e9alise son dessein d\u2019amour.<\/p>\n\n\n<ol class=\"wp-block-footnotes\"><li id=\"c0c68fdb-7ee9-4116-8a30-6fd9689f742b\"><em>(Les antiennes O sont de courtes pri\u00e8res utilis\u00e9es dans la pri\u00e8re des Heures, plus pr\u00e9cis\u00e9ment aux V\u00eapres (la pri\u00e8re du soir), durant les derniers jours avant No\u00ebl. Elles commen\u00e7ent toutes par \u00ab \u00f4 \u00bb)<\/em> <a href=\"#c0c68fdb-7ee9-4116-8a30-6fd9689f742b-link\" aria-label=\"Aller \u00e0 la note de bas de page 1\">\u21a9\ufe0e<\/a><\/li><\/ol>","protected":false},"excerpt":{"rendered":"<p>\ufe0f \u00ab\u202fTu lui donneras le nom de J\u00e9sus, c\u2019est-\u00e0-dire : Le-Seigneur-sauve.\u202f\u00bb (Mt 1, 20) > Nous voici tout pr\u00e8s de No\u00ebl. En ce 21 d\u00e9cembre, une pri\u00e8re de l\u2019Avent, chant\u00e9e ou r\u00e9cit\u00e9e, \u00e9voque le Sauveur comme un \u00ab Soleil levant \u00bb, alors que l\u2019\u00c9vangile nous raconte comment Joseph, l\u2019\u00e9poux de Marie, apprit en songe le nom humain du Sauveur \u00e0 na\u00eetre. L\u2019histoire de ce couple n\u2019est pas ce qu\u2019il y a de plus glorieux\u202fpour l\u2019\u00e9poque en Orient\u202f: La fianc\u00e9e est enceinte avant le mariage, et ceci\u202fde \u201cp\u00e8re inconnu\u201c\u202f! C\u2019est le d\u00e9shonneur pour tous les deux et, en cons\u00e9quence, la r\u00e9pudiation de la jeune femme. L\u2019histoire du salut, elle, se situe \u2026 <a class=\"continue-reading-link\" href=\"https:\/\/levangilealecran.com\/?p=3390\"> Continue reading <span class=\"meta-nav\">&rarr; <\/span><\/a><\/p>\n","protected":false},"author":2005,"featured_media":0,"comment_status":"open","ping_status":"open","sticky":false,"template":"","format":"standard","meta":{"footnotes":"[{\"content\":\"<em>(Les antiennes O sont de courtes pri\u00e8res utilis\u00e9es dans la pri\u00e8re des Heures, plus pr\u00e9cis\u00e9ment aux V\u00eapres (la pri\u00e8re du soir), durant les derniers jours avant No\u00ebl. Elles commen\u00e7ent toutes par \u00ab \u00f4 \u00bb)<\/em>\",\"id\":\"c0c68fdb-7ee9-4116-8a30-6fd9689f742b\"}]"},"categories":[147,4,8,201,1],"tags":[],"class_list":["post-3390","post","type-post","status-publish","format-standard","hentry","category-avent-2","category-dimanche","category-matthieu","category-noel","category-sanscategorie"],"_links":{"self":[{"href":"https:\/\/levangilealecran.com\/index.php?rest_route=\/wp\/v2\/posts\/3390","targetHints":{"allow":["GET"]}}],"collection":[{"href":"https:\/\/levangilealecran.com\/index.php?rest_route=\/wp\/v2\/posts"}],"about":[{"href":"https:\/\/levangilealecran.com\/index.php?rest_route=\/wp\/v2\/types\/post"}],"author":[{"embeddable":true,"href":"https:\/\/levangilealecran.com\/index.php?rest_route=\/wp\/v2\/users\/2005"}],"replies":[{"embeddable":true,"href":"https:\/\/levangilealecran.com\/index.php?rest_route=%2Fwp%2Fv2%2Fcomments&post=3390"}],"version-history":[{"count":3,"href":"https:\/\/levangilealecran.com\/index.php?rest_route=\/wp\/v2\/posts\/3390\/revisions"}],"predecessor-version":[{"id":3394,"href":"https:\/\/levangilealecran.com\/index.php?rest_route=\/wp\/v2\/posts\/3390\/revisions\/3394"}],"wp:attachment":[{"href":"https:\/\/levangilealecran.com\/index.php?rest_route=%2Fwp%2Fv2%2Fmedia&parent=3390"}],"wp:term":[{"taxonomy":"category","embeddable":true,"href":"https:\/\/levangilealecran.com\/index.php?rest_route=%2Fwp%2Fv2%2Fcategories&post=3390"},{"taxonomy":"post_tag","embeddable":true,"href":"https:\/\/levangilealecran.com\/index.php?rest_route=%2Fwp%2Fv2%2Ftags&post=3390"}],"curies":[{"name":"wp","href":"https:\/\/api.w.org\/{rel}","templated":true}]}}