{"id":3385,"date":"2025-12-12T09:08:10","date_gmt":"2025-12-12T08:08:10","guid":{"rendered":"https:\/\/levangilealecran.com\/?p=3385"},"modified":"2025-12-12T09:08:10","modified_gmt":"2025-12-12T08:08:10","slug":"%ef%b8%8f3e-dimanche-de-lavent-%f0%9f%95%af%ef%b8%8f%f0%9f%95%af%ef%b8%8f%f0%9f%95%af%ef%b8%8f-a-14-decembre-2025","status":"publish","type":"post","link":"https:\/\/levangilealecran.com\/?p=3385","title":{"rendered":"\ufe0f3e dimanche de l\u2019Avent \ud83d\udd6f\ufe0f\ud83d\udd6f\ufe0f\ud83d\udd6f\ufe0f \u2013 A \u2013 14 d\u00e9cembre 2025"},"content":{"rendered":"\n<blockquote class=\"wp-block-quote is-layout-flow wp-block-quote-is-layout-flow\">\n<p class=\"wp-block-paragraph\">\u00ab Es-tu celui qui vient ? ou devons-nous en attendre un autre ? \u00bb<\/p>\n<cite>(Mt 11, 3)<\/cite><\/blockquote>\n\n\n\n<figure class=\"wp-block-image size-large is-resized\"><a href=\"https:\/\/levangilealecran.com\/wp-content\/uploads\/2025\/12\/1000139229-1-scaled.jpg\"><img loading=\"lazy\" decoding=\"async\" width=\"1024\" height=\"683\" src=\"https:\/\/levangilealecran.com\/wp-content\/uploads\/2025\/12\/1000139229-1-1024x683.jpg\" alt=\"\" class=\"wp-image-3387\" style=\"width:600px\" srcset=\"https:\/\/levangilealecran.com\/wp-content\/uploads\/2025\/12\/1000139229-1-1024x683.jpg 1024w, https:\/\/levangilealecran.com\/wp-content\/uploads\/2025\/12\/1000139229-1-300x200.jpg 300w, https:\/\/levangilealecran.com\/wp-content\/uploads\/2025\/12\/1000139229-1-768x512.jpg 768w, https:\/\/levangilealecran.com\/wp-content\/uploads\/2025\/12\/1000139229-1-1536x1024.jpg 1536w, https:\/\/levangilealecran.com\/wp-content\/uploads\/2025\/12\/1000139229-1-2048x1365.jpg 2048w, https:\/\/levangilealecran.com\/wp-content\/uploads\/2025\/12\/1000139229-1-150x100.jpg 150w, https:\/\/levangilealecran.com\/wp-content\/uploads\/2025\/12\/1000139229-1-225x150.jpg 225w, https:\/\/levangilealecran.com\/wp-content\/uploads\/2025\/12\/1000139229-1-1320x880.jpg 1320w\" sizes=\"auto, (max-width: 1024px) 100vw, 1024px\" \/><\/a><\/figure>\n\n\n\n<p class=\"wp-block-paragraph\">> Je m&rsquo;imagine Jean- Baptiste au fond de son cachot, rong\u00e9 par le.doute&#8230;.<br>Il avait annonc\u00e9 un Messie qui s&rsquo;imposerait par la.force, qui nettoierait la.place par le feu et la fourche&#8230; et voil\u00e0 que les \u00e9chos qui lui parviennent ne correspondent pas \u00e0 cette image! J\u00e9sus gu\u00e9rit, aime ses ennemis et pardonne m\u00eame aux p\u00eacheurs acoquin\u00e9s avec les Romains!!<br>Alors il remet en question ses intuitions: es-tu VRAIMENT celui qui doit venir ou devons-nous en attendre un autre? Il est mis au d\u00e9fi de changer sa th\u00e9ologie et d&rsquo;accueillir un Messie tourn\u00e9 vers la douceur et la ienveillance.<\/p>\n\n\n\n<p class=\"wp-block-paragraph\">> Combien de fois m&rsquo;arrive-t-il de douter du charisme des personnes que je c\u00f4toie parce qu&rsquo;ils me d\u00e9\u00e7oivent&#8230;? J&rsquo;attendais leur brio, leur courage, une mani\u00e8re de faire qui transformerait radicalement le r\u00e9el et c&rsquo;est comme s&rsquo;ils n&rsquo;\u00e9taient pas \u00e0 la hauteur de mes espoirs!<br>Lorsque cela arrive: me souvenir de la juste attitude de Jean-Baptiste qui est de parler directement \u00e0 J\u00e9sus de sa d\u00e9ception et il peut recevoir une r\u00e9ponse claire: le Royaume n&rsquo;est pas l\u00e0 o\u00f9 il l&rsquo;attendait !!<br>J\u00e9sus fabrique le Royaume dans le corps-\u00e0-corps avec ceux qu&rsquo;il rencontre, il \u00e9pouse leur chair et les rend \u00e0 la Vie.<br>J&rsquo;esp\u00e8re que Jean-Baptiste aura d\u00e9pass\u00e9 ses doutes et aura eu cette conviction: oui, amen, J\u00e9sus \u00e9tait bien celui qui devait venir!<\/p>\n\n\n\n<p class=\"wp-block-paragraph\">> Bonne derni\u00e8re ligne droite avant No\u00ebl!!!<\/p>\n","protected":false},"excerpt":{"rendered":"<p>\u00ab Es-tu celui qui vient ? ou devons-nous en attendre un autre ? \u00bb (Mt 11, 3) > Je m&rsquo;imagine Jean- Baptiste au fond de son cachot, rong\u00e9 par le.doute&#8230;.Il avait annonc\u00e9 un Messie qui s&rsquo;imposerait par la.force, qui nettoierait la.place par le feu et la fourche&#8230; et voil\u00e0 que les \u00e9chos qui lui parviennent ne correspondent pas \u00e0 cette image! J\u00e9sus gu\u00e9rit, aime ses ennemis et pardonne m\u00eame aux p\u00eacheurs acoquin\u00e9s avec les Romains!!Alors il remet en question ses intuitions: es-tu VRAIMENT celui qui doit venir ou devons-nous en attendre un autre? Il est mis au d\u00e9fi de changer sa th\u00e9ologie et d&rsquo;accueillir un Messie tourn\u00e9 vers la douceur \u2026 <a class=\"continue-reading-link\" href=\"https:\/\/levangilealecran.com\/?p=3385\"> Continue reading <span class=\"meta-nav\">&rarr; <\/span><\/a><\/p>\n","protected":false},"author":2005,"featured_media":0,"comment_status":"open","ping_status":"open","sticky":false,"template":"","format":"standard","meta":{"footnotes":""},"categories":[147,4,8],"tags":[],"class_list":["post-3385","post","type-post","status-publish","format-standard","hentry","category-avent-2","category-dimanche","category-matthieu"],"_links":{"self":[{"href":"https:\/\/levangilealecran.com\/index.php?rest_route=\/wp\/v2\/posts\/3385","targetHints":{"allow":["GET"]}}],"collection":[{"href":"https:\/\/levangilealecran.com\/index.php?rest_route=\/wp\/v2\/posts"}],"about":[{"href":"https:\/\/levangilealecran.com\/index.php?rest_route=\/wp\/v2\/types\/post"}],"author":[{"embeddable":true,"href":"https:\/\/levangilealecran.com\/index.php?rest_route=\/wp\/v2\/users\/2005"}],"replies":[{"embeddable":true,"href":"https:\/\/levangilealecran.com\/index.php?rest_route=%2Fwp%2Fv2%2Fcomments&post=3385"}],"version-history":[{"count":1,"href":"https:\/\/levangilealecran.com\/index.php?rest_route=\/wp\/v2\/posts\/3385\/revisions"}],"predecessor-version":[{"id":3388,"href":"https:\/\/levangilealecran.com\/index.php?rest_route=\/wp\/v2\/posts\/3385\/revisions\/3388"}],"wp:attachment":[{"href":"https:\/\/levangilealecran.com\/index.php?rest_route=%2Fwp%2Fv2%2Fmedia&parent=3385"}],"wp:term":[{"taxonomy":"category","embeddable":true,"href":"https:\/\/levangilealecran.com\/index.php?rest_route=%2Fwp%2Fv2%2Fcategories&post=3385"},{"taxonomy":"post_tag","embeddable":true,"href":"https:\/\/levangilealecran.com\/index.php?rest_route=%2Fwp%2Fv2%2Ftags&post=3385"}],"curies":[{"name":"wp","href":"https:\/\/api.w.org\/{rel}","templated":true}]}}