{"id":3374,"date":"2025-11-21T06:00:00","date_gmt":"2025-11-21T05:00:00","guid":{"rendered":"https:\/\/levangilealecran.com\/?p=3374"},"modified":"2025-11-20T16:25:40","modified_gmt":"2025-11-20T15:25:40","slug":"dimanche-du-christ-roi-c-23-novembre-2025","status":"publish","type":"post","link":"https:\/\/levangilealecran.com\/?p=3374","title":{"rendered":"Dimanche du CHRIST-ROI &#8211; C &#8211; 23 novembre 2025"},"content":{"rendered":"\n<blockquote class=\"wp-block-quote is-layout-flow wp-block-quote-is-layout-flow\">\n<p class=\"wp-block-paragraph\">\u00ab N\u2019as-tu donc aucune crainte de Dieu, toi qui subis la m\u00eame peine ? Pour nous, c\u2019est justice, car nous recevons ce qu\u2019ont m\u00e9rit\u00e9 nos actes ; mais celui-ci n\u2019a rien fait de mal. \u00bb Et il disait : \u00ab J\u00e9sus, souviens-toi de moi quand tu viendras dans ton royaume. \u00bb<\/p>\n<cite>(Luc 23.40-42)<\/cite><\/blockquote>\n\n\n\n<figure class=\"wp-block-image size-large is-resized\"><a href=\"https:\/\/levangilealecran.com\/wp-content\/uploads\/2025\/11\/Jesus-et-le-criminel-repentant.jpg\"><img loading=\"lazy\" decoding=\"async\" width=\"1024\" height=\"922\" src=\"https:\/\/levangilealecran.com\/wp-content\/uploads\/2025\/11\/Jesus-et-le-criminel-repentant-1024x922.jpg\" alt=\"\" class=\"wp-image-3375\" style=\"width:600px\" srcset=\"https:\/\/levangilealecran.com\/wp-content\/uploads\/2025\/11\/Jesus-et-le-criminel-repentant-1024x922.jpg 1024w, https:\/\/levangilealecran.com\/wp-content\/uploads\/2025\/11\/Jesus-et-le-criminel-repentant-300x270.jpg 300w, https:\/\/levangilealecran.com\/wp-content\/uploads\/2025\/11\/Jesus-et-le-criminel-repentant-768x692.jpg 768w, https:\/\/levangilealecran.com\/wp-content\/uploads\/2025\/11\/Jesus-et-le-criminel-repentant-150x135.jpg 150w, https:\/\/levangilealecran.com\/wp-content\/uploads\/2025\/11\/Jesus-et-le-criminel-repentant-167x150.jpg 167w, https:\/\/levangilealecran.com\/wp-content\/uploads\/2025\/11\/Jesus-et-le-criminel-repentant.jpg 1055w\" sizes=\"auto, (max-width: 1024px) 100vw, 1024px\" \/><\/a><\/figure>\n\n\n\n<p class=\"wp-block-paragraph\">&gt; En venant dans le monde, le Fils de Dieu s\u2019est abaiss\u00e9 pour se mettre \u00e0 notre hauteur. C\u2019est \u00e0 la croix que nous le rencontrons face-\u00e0-face, tels les deux criminels crucifi\u00e9s avec lui.<\/p>\n\n\n\n<p class=\"wp-block-paragraph\">&gt; L\u2019un des deux se laisse entra\u00eener par la moquerie des chefs religieux et des soldats. Il insulte J\u00e9sus, s\u2019enfon\u00e7ant ainsi plus profond\u00e9ment dans sa perdition.<\/p>\n\n\n\n<p class=\"wp-block-paragraph\">&gt; L\u2019autre, dans la m\u00eame situation de d\u00e9nuement et de souffrance terribles, fait preuve d\u2019un discernement incroyable : il reconna\u00eet l\u2019autorit\u00e9 de Dieu dans ce qui se passe ; il reconna\u00eet sa culpabilit\u00e9 quant \u00e0 sa condamnation \u2013 une mani\u00e8re de faire p\u00e9nitence ; il reconna\u00eet l\u2019innocence de J\u00e9sus ; il reconna\u00eet enfin que J\u00e9sus est Roi, et que ce Roi instaurera un jour son royaume dont il aimerait faire partie !<\/p>\n\n\n\n<p class=\"wp-block-paragraph\">&gt; J\u00e9sus-Christ, qui n\u2019a pas connu le p\u00e9ch\u00e9 mais que Dieu a fait pour nous p\u00e9ch\u00e9 afin qu\u2019en lui nous devenions justice de Dieu (2 Corinthiens 5.21), accueille l\u2019homme repentant et lui promet une bonheur plus proche encore que ce qu\u2019il aurait pu imaginer : \u00ab Amen, je te le dis, aujourd\u2019hui tu seras avec moi dans le paradis. \u00bb (Luc 23.43)<\/p>\n\n\n\n<p class=\"wp-block-paragraph\">C\u2019est \u00e0 la croix que le Christ-Roi me rencontre face-\u00e0-face, et dans un c\u0153ur-\u00e0-c\u0153ur il me dit :<\/p>\n\n\n\n<ul class=\"wp-block-list\">\n<li>Je me suis abaiss\u00e9 pour me mettre \u00e0 ta hauteur.<\/li>\n\n\n\n<li>Ici, \u00e0 la croix, j\u2019ai pris sur moi tes p\u00e9ch\u00e9s, ta culpabilit\u00e9 et ta honte.<\/li>\n\n\n\n<li>Tu peux, comme celui sur un c\u00f4t\u00e9, te d\u00e9tourner de moi et rester avec ton fardeau.<\/li>\n\n\n\n<li>Tu peux, comme celui sur l\u2019autre c\u00f4t\u00e9, reconna\u00eetre ton fardeau, et le d\u00e9poser \u00e0 mes pieds.<\/li>\n\n\n\n<li>Ceux qui m\u2019accueillent ainsi comme Roi et me suivent, ne marcheront plus dans les t\u00e9n\u00e8bres, mais ils auront la lumi\u00e8re de la vie. (Jean 8.12)<\/li>\n\n\n\n<li>Comment lui r\u00e9ponds-tu ?<\/li>\n<\/ul>\n\n\n\n<p class=\"wp-block-paragraph\">Et si tout ceci t\u2019est d\u00e9j\u00e0 bien connu, prie pour ceux qui, autour de toi, l\u2019ignorent encore.<\/p>\n","protected":false},"excerpt":{"rendered":"<p>\u00ab N\u2019as-tu donc aucune crainte de Dieu, toi qui subis la m\u00eame peine ? Pour nous, c\u2019est justice, car nous recevons ce qu\u2019ont m\u00e9rit\u00e9 nos actes ; mais celui-ci n\u2019a rien fait de mal. \u00bb Et il disait : \u00ab J\u00e9sus, souviens-toi de moi quand tu viendras dans ton royaume. \u00bb (Luc 23.40-42) &gt; En venant dans le monde, le Fils de Dieu s\u2019est abaiss\u00e9 pour se mettre \u00e0 notre hauteur. C\u2019est \u00e0 la croix que nous le rencontrons face-\u00e0-face, tels les deux criminels crucifi\u00e9s avec lui. &gt; L\u2019un des deux se laisse entra\u00eener par la moquerie des chefs religieux et des soldats. Il insulte J\u00e9sus, s\u2019enfon\u00e7ant ainsi plus profond\u00e9ment \u2026 <a class=\"continue-reading-link\" href=\"https:\/\/levangilealecran.com\/?p=3374\"> Continue reading <span class=\"meta-nav\">&rarr; <\/span><\/a><\/p>\n","protected":false},"author":2005,"featured_media":0,"comment_status":"open","ping_status":"open","sticky":false,"template":"","format":"standard","meta":{"footnotes":""},"categories":[4,24,6],"tags":[],"class_list":["post-3374","post","type-post","status-publish","format-standard","hentry","category-dimanche","category-fetes","category-luc"],"_links":{"self":[{"href":"https:\/\/levangilealecran.com\/index.php?rest_route=\/wp\/v2\/posts\/3374","targetHints":{"allow":["GET"]}}],"collection":[{"href":"https:\/\/levangilealecran.com\/index.php?rest_route=\/wp\/v2\/posts"}],"about":[{"href":"https:\/\/levangilealecran.com\/index.php?rest_route=\/wp\/v2\/types\/post"}],"author":[{"embeddable":true,"href":"https:\/\/levangilealecran.com\/index.php?rest_route=\/wp\/v2\/users\/2005"}],"replies":[{"embeddable":true,"href":"https:\/\/levangilealecran.com\/index.php?rest_route=%2Fwp%2Fv2%2Fcomments&post=3374"}],"version-history":[{"count":1,"href":"https:\/\/levangilealecran.com\/index.php?rest_route=\/wp\/v2\/posts\/3374\/revisions"}],"predecessor-version":[{"id":3376,"href":"https:\/\/levangilealecran.com\/index.php?rest_route=\/wp\/v2\/posts\/3374\/revisions\/3376"}],"wp:attachment":[{"href":"https:\/\/levangilealecran.com\/index.php?rest_route=%2Fwp%2Fv2%2Fmedia&parent=3374"}],"wp:term":[{"taxonomy":"category","embeddable":true,"href":"https:\/\/levangilealecran.com\/index.php?rest_route=%2Fwp%2Fv2%2Fcategories&post=3374"},{"taxonomy":"post_tag","embeddable":true,"href":"https:\/\/levangilealecran.com\/index.php?rest_route=%2Fwp%2Fv2%2Ftags&post=3374"}],"curies":[{"name":"wp","href":"https:\/\/api.w.org\/{rel}","templated":true}]}}