{"id":3369,"date":"2025-11-14T06:00:00","date_gmt":"2025-11-14T05:00:00","guid":{"rendered":"https:\/\/levangilealecran.com\/?p=3369"},"modified":"2025-11-14T10:32:17","modified_gmt":"2025-11-14T09:32:17","slug":"33e-dimanche-du-temps-ordinaire-annee-c-16-novembre-2025","status":"publish","type":"post","link":"https:\/\/levangilealecran.com\/?p=3369","title":{"rendered":"33e dimanche du temps ordinaire &#8211; ann\u00e9e C &#8211; 16 novembre 2025"},"content":{"rendered":"\n<blockquote class=\"wp-block-quote is-layout-flow wp-block-quote-is-layout-flow\">\n<p class=\"wp-block-paragraph\">\u00ab&nbsp;Cela vous am\u00e8nera \u00e0 rendre t\u00e9moignage. Mettez-vous donc dans l\u2019esprit que vous n\u2019avez pas \u00e0 vous pr\u00e9occuper de votre d\u00e9fense. \u00bb Lc 21,13-14<\/p>\n<\/blockquote>\n\n\n\n<figure class=\"wp-block-image size-large\"><a href=\"https:\/\/levangilealecran.com\/wp-content\/uploads\/2025\/11\/EALE-Lc-21-13-14-16-nov-2025-publication-le-14.jpg\"><img loading=\"lazy\" decoding=\"async\" width=\"1024\" height=\"724\" src=\"https:\/\/levangilealecran.com\/wp-content\/uploads\/2025\/11\/EALE-Lc-21-13-14-16-nov-2025-publication-le-14-1024x724.jpg\" alt=\"\" class=\"wp-image-3370\" srcset=\"https:\/\/levangilealecran.com\/wp-content\/uploads\/2025\/11\/EALE-Lc-21-13-14-16-nov-2025-publication-le-14-1024x724.jpg 1024w, https:\/\/levangilealecran.com\/wp-content\/uploads\/2025\/11\/EALE-Lc-21-13-14-16-nov-2025-publication-le-14-300x212.jpg 300w, https:\/\/levangilealecran.com\/wp-content\/uploads\/2025\/11\/EALE-Lc-21-13-14-16-nov-2025-publication-le-14-768x543.jpg 768w, https:\/\/levangilealecran.com\/wp-content\/uploads\/2025\/11\/EALE-Lc-21-13-14-16-nov-2025-publication-le-14-1536x1085.jpg 1536w, https:\/\/levangilealecran.com\/wp-content\/uploads\/2025\/11\/EALE-Lc-21-13-14-16-nov-2025-publication-le-14-150x106.jpg 150w, https:\/\/levangilealecran.com\/wp-content\/uploads\/2025\/11\/EALE-Lc-21-13-14-16-nov-2025-publication-le-14-212x150.jpg 212w, https:\/\/levangilealecran.com\/wp-content\/uploads\/2025\/11\/EALE-Lc-21-13-14-16-nov-2025-publication-le-14-1320x933.jpg 1320w, https:\/\/levangilealecran.com\/wp-content\/uploads\/2025\/11\/EALE-Lc-21-13-14-16-nov-2025-publication-le-14.jpg 1732w\" sizes=\"auto, (max-width: 1024px) 100vw, 1024px\" \/><\/a><\/figure>\n\n\n\n<p class=\"wp-block-paragraph\">&gt; Il s\u2019agit d\u2019\u00eatre t\u00e9moins et non pas avocats de la d\u00e9fense, voil\u00e0 ce que J\u00e9sus essaie de nous dire. &nbsp;<\/p>\n\n\n\n<p class=\"wp-block-paragraph\">&gt; Pourtant, quand on me demande ma religion, ne suis-je pas assez syst\u00e9matiquement et imm\u00e9diatement sur la d\u00e9fensive&nbsp;? Voire dans des explications abracadabrantesques, du genre&nbsp;: \u00ab&nbsp;Je suis chr\u00e9tien, mais r\u00e9form\u00e9 \/ catholique, en fait j\u2019ai \u00e9t\u00e9 baptis\u00e9 dans telle confession mais j\u2019ai chang\u00e9 ensuite apr\u00e8s mon mariage mixte\u2026&nbsp;\u00bb Quand ce n\u2019est pas le c\u00e9l\u00e9brissime \u00ab&nbsp;je suis croyant mais non-pratiquant&nbsp;\u00bb, comme si on pouvait \u00eatre skieur non-pratiquant, musicien non-pratiquant ou francophone non-pratiquant.<\/p>\n\n\n\n<p class=\"wp-block-paragraph\">&gt; La pratique, c\u2019est d\u2019abord le t\u00e9moignage. Pas besoin de se d\u00e9fendre de quoi que ce soit, alors&nbsp;: \u00ab&nbsp;Ma religion&nbsp;? C\u2019est celle du Christ. Dont je rends t\u00e9moignage en essayant \u2013 \u00e0 ma toute petite \u00e9chelle \u2013 de passer sur cette terre en r\u00e9pandant le bien autour de moi.&nbsp;\u00bb<\/p>\n\n\n\n<p class=\"wp-block-paragraph\"><\/p>\n","protected":false},"excerpt":{"rendered":"<p>La pratique, c\u2019est d\u2019abord le t\u00e9moignage. Pas besoin de se d\u00e9fendre de quoi que ce soit <a class=\"continue-reading-link\" href=\"https:\/\/levangilealecran.com\/?p=3369\"> Continue reading <span class=\"meta-nav\">&rarr; <\/span><\/a><\/p>\n","protected":false},"author":1,"featured_media":3370,"comment_status":"open","ping_status":"open","sticky":false,"template":"","format":"standard","meta":{"footnotes":""},"categories":[4,6],"tags":[431,971],"class_list":["post-3369","post","type-post","status-publish","format-standard","has-post-thumbnail","hentry","category-dimanche","category-luc","tag-luc","tag-temognage"],"_links":{"self":[{"href":"https:\/\/levangilealecran.com\/index.php?rest_route=\/wp\/v2\/posts\/3369","targetHints":{"allow":["GET"]}}],"collection":[{"href":"https:\/\/levangilealecran.com\/index.php?rest_route=\/wp\/v2\/posts"}],"about":[{"href":"https:\/\/levangilealecran.com\/index.php?rest_route=\/wp\/v2\/types\/post"}],"author":[{"embeddable":true,"href":"https:\/\/levangilealecran.com\/index.php?rest_route=\/wp\/v2\/users\/1"}],"replies":[{"embeddable":true,"href":"https:\/\/levangilealecran.com\/index.php?rest_route=%2Fwp%2Fv2%2Fcomments&post=3369"}],"version-history":[{"count":2,"href":"https:\/\/levangilealecran.com\/index.php?rest_route=\/wp\/v2\/posts\/3369\/revisions"}],"predecessor-version":[{"id":3372,"href":"https:\/\/levangilealecran.com\/index.php?rest_route=\/wp\/v2\/posts\/3369\/revisions\/3372"}],"wp:featuredmedia":[{"embeddable":true,"href":"https:\/\/levangilealecran.com\/index.php?rest_route=\/wp\/v2\/media\/3370"}],"wp:attachment":[{"href":"https:\/\/levangilealecran.com\/index.php?rest_route=%2Fwp%2Fv2%2Fmedia&parent=3369"}],"wp:term":[{"taxonomy":"category","embeddable":true,"href":"https:\/\/levangilealecran.com\/index.php?rest_route=%2Fwp%2Fv2%2Fcategories&post=3369"},{"taxonomy":"post_tag","embeddable":true,"href":"https:\/\/levangilealecran.com\/index.php?rest_route=%2Fwp%2Fv2%2Ftags&post=3369"}],"curies":[{"name":"wp","href":"https:\/\/api.w.org\/{rel}","templated":true}]}}