{"id":3365,"date":"2025-11-07T07:00:00","date_gmt":"2025-11-07T06:00:00","guid":{"rendered":"https:\/\/levangilealecran.com\/?p=3365"},"modified":"2025-11-13T14:59:10","modified_gmt":"2025-11-13T13:59:10","slug":"32e-dimanche-du-temps-ordinaire-c-9-novembre-2025","status":"publish","type":"post","link":"https:\/\/levangilealecran.com\/?p=3365","title":{"rendered":"32e dimanche du temps ordinaire \u2013 C &#8211; 9 novembre 2025"},"content":{"rendered":"\n<blockquote class=\"wp-block-quote is-layout-flow wp-block-quote-is-layout-flow\">\n<p class=\"wp-block-paragraph\"><em>\u00ab\u00a0Cessez de faire de la maison de mon P\u00e8re une maison de commerce. \u00bb<\/em><\/p>\n<cite><em>Jn 2,16<\/em><\/cite><\/blockquote>\n\n\n\n<figure class=\"wp-block-image size-large is-resized\"><a href=\"https:\/\/levangilealecran.com\/wp-content\/uploads\/2025\/11\/Image1.jpg\"><img loading=\"lazy\" decoding=\"async\" width=\"1024\" height=\"681\" src=\"https:\/\/levangilealecran.com\/wp-content\/uploads\/2025\/11\/Image1-1024x681.jpg\" alt=\"\" class=\"wp-image-3366\" style=\"width:600px\" srcset=\"https:\/\/levangilealecran.com\/wp-content\/uploads\/2025\/11\/Image1-1024x681.jpg 1024w, https:\/\/levangilealecran.com\/wp-content\/uploads\/2025\/11\/Image1-300x200.jpg 300w, https:\/\/levangilealecran.com\/wp-content\/uploads\/2025\/11\/Image1-768x511.jpg 768w, https:\/\/levangilealecran.com\/wp-content\/uploads\/2025\/11\/Image1-150x100.jpg 150w, https:\/\/levangilealecran.com\/wp-content\/uploads\/2025\/11\/Image1-225x150.jpg 225w, https:\/\/levangilealecran.com\/wp-content\/uploads\/2025\/11\/Image1.jpg 1169w\" sizes=\"auto, (max-width: 1024px) 100vw, 1024px\" \/><\/a><\/figure>\n\n\n\n<p class=\"wp-block-paragraph\">> En ce dimanche, la liturgie catholique donne pr\u00e9f\u00e9rence \u00e0 la f\u00eate de la d\u00e9dicace du Latran, soulignant l\u2019importance de nos lieux de culte pour notre vie de foi. Nous l\u2019avons tous exp\u00e9riment\u00e9\u00a0: La Beaut\u00e9 nous porte \u00e0 la contemplation, \u00e0 la louange\u00a0et nous rend meilleurs\u00a0; toute laideur, par contre, ab\u00eeme quelque chose au-dedans de l\u2019homme.<\/p>\n\n\n\n<p class=\"wp-block-paragraph\">Le texte choisi pour cette f\u00eate se trouve au tout d\u00e9but de l\u2019Evangile de Jean. J\u00e9sus, arrivant de Galil\u00e9e, a d\u00fb encaisser le choc de voir le lieu saint transform\u00e9 en march\u00e9 de b\u00e9tail, \u201cmaison de commerce\u201c. Nous connaissons sa r\u00e9action. <\/p>\n\n\n\n<p class=\"wp-block-paragraph\">Cet \u00e9pisode, en quoi nous parle-t-il aujourd\u2019hui, alors que dans nos dans nos lieux de pri\u00e8re, nous trouvons tout au plus une modeste boutique\u00a0? <\/p>\n\n\n\n<p class=\"wp-block-paragraph\">J\u00e9sus parle d\u2019un autre sanctuaire, celui de son Corps\u00a0; Paul, il nous rappelle que nous sommes les \u201ctemples de l\u2019Esprit Saint \u201c (1 Co 6,19), alors que Maurice Zundel\u00a0affirme : <\/p>\n\n\n\n<p class=\"wp-block-paragraph\"><em>\u00ab Le vrai sanctuaire, c\u2019est l\u2019\u00eatre-humain <\/em>!\u00a0\u00bb<\/p>\n\n\n\n<p class=\"wp-block-paragraph\">> Nous sommes donc invit\u00e9s \u00e0 garder de la profanation aussi ce sanctuaire-l\u00e0, \u00e0 veiller sur nous-m\u00eames et sur notre prochain, sp\u00e9cialement le plus vuln\u00e9rable. Oser nous montrer intransigeants lorsqu\u2019on se moque de lui et mettre en lumi\u00e8re sa beaut\u00e9 unique. Voil\u00e0 ce qui pourrait \u00eatre notre part de soin apport\u00e9e \u00e0 la maison o\u00f9 Dieu demeure, dans ses temples de chair autant que derri\u00e8re des murs de pierre.<\/p>\n","protected":false},"excerpt":{"rendered":"<p>\u00ab\u00a0Cessez de faire de la maison de mon P\u00e8re une maison de commerce. \u00bb Jn 2,16 > En ce dimanche, la liturgie catholique donne pr\u00e9f\u00e9rence \u00e0 la f\u00eate de la d\u00e9dicace du Latran, soulignant l\u2019importance de nos lieux de culte pour notre vie de foi. Nous l\u2019avons tous exp\u00e9riment\u00e9\u00a0: La Beaut\u00e9 nous porte \u00e0 la contemplation, \u00e0 la louange\u00a0et nous rend meilleurs\u00a0; toute laideur, par contre, ab\u00eeme quelque chose au-dedans de l\u2019homme. Le texte choisi pour cette f\u00eate se trouve au tout d\u00e9but de l\u2019Evangile de Jean. J\u00e9sus, arrivant de Galil\u00e9e, a d\u00fb encaisser le choc de voir le lieu saint transform\u00e9 en march\u00e9 de b\u00e9tail, \u201cmaison de commerce\u201c. Nous \u2026 <a class=\"continue-reading-link\" href=\"https:\/\/levangilealecran.com\/?p=3365\"> Continue reading <span class=\"meta-nav\">&rarr; <\/span><\/a><\/p>\n","protected":false},"author":2005,"featured_media":0,"comment_status":"open","ping_status":"open","sticky":false,"template":"","format":"standard","meta":{"footnotes":""},"categories":[4,24,5],"tags":[],"class_list":["post-3365","post","type-post","status-publish","format-standard","hentry","category-dimanche","category-fetes","category-jean"],"_links":{"self":[{"href":"https:\/\/levangilealecran.com\/index.php?rest_route=\/wp\/v2\/posts\/3365","targetHints":{"allow":["GET"]}}],"collection":[{"href":"https:\/\/levangilealecran.com\/index.php?rest_route=\/wp\/v2\/posts"}],"about":[{"href":"https:\/\/levangilealecran.com\/index.php?rest_route=\/wp\/v2\/types\/post"}],"author":[{"embeddable":true,"href":"https:\/\/levangilealecran.com\/index.php?rest_route=\/wp\/v2\/users\/2005"}],"replies":[{"embeddable":true,"href":"https:\/\/levangilealecran.com\/index.php?rest_route=%2Fwp%2Fv2%2Fcomments&post=3365"}],"version-history":[{"count":1,"href":"https:\/\/levangilealecran.com\/index.php?rest_route=\/wp\/v2\/posts\/3365\/revisions"}],"predecessor-version":[{"id":3367,"href":"https:\/\/levangilealecran.com\/index.php?rest_route=\/wp\/v2\/posts\/3365\/revisions\/3367"}],"wp:attachment":[{"href":"https:\/\/levangilealecran.com\/index.php?rest_route=%2Fwp%2Fv2%2Fmedia&parent=3365"}],"wp:term":[{"taxonomy":"category","embeddable":true,"href":"https:\/\/levangilealecran.com\/index.php?rest_route=%2Fwp%2Fv2%2Fcategories&post=3365"},{"taxonomy":"post_tag","embeddable":true,"href":"https:\/\/levangilealecran.com\/index.php?rest_route=%2Fwp%2Fv2%2Ftags&post=3365"}],"curies":[{"name":"wp","href":"https:\/\/api.w.org\/{rel}","templated":true}]}}