{"id":336,"date":"2013-07-19T17:05:57","date_gmt":"2013-07-19T15:05:57","guid":{"rendered":"http:\/\/levangilealecran.com?p=336"},"modified":"2013-07-19T17:05:57","modified_gmt":"2013-07-19T15:05:57","slug":"16e-dimanche-c","status":"publish","type":"post","link":"https:\/\/levangilealecran.com\/?p=336","title":{"rendered":"16e dimanche &#8211; C"},"content":{"rendered":"<p style=\"text-align: justify;\">\u00ab [Marthe] avait une s\u0153ur nomm\u00e9e Marie qui, se tenant assise aux pieds du Seigneur, \u00e9coutait sa parole. Marthe \u00e9tait accapar\u00e9e par les multiples occupations du service. \u00bb Luc 10,38b-39<\/p>\n<p style=\"text-align: justify;\"><strong>&gt; Il y a un temps pour tout, disait l\u2019Eccl\u00e9siaste. L\u2019\u00e9t\u00e9, on a l\u2019impression que le temps se d\u00e9tend (d\u00e9-temps), mais pour nous, l\u2019\u00e9t\u00e9 est-il le temps de l\u2019agitation inqui\u00e8te de Marthe (planification, questionnements) &#8230;ou de la contemplation de Marie ? Est-il celui du service ou celui de l\u2019\u00e9coute de la parole, de l\u2019instant pr\u00e9sent ?<\/strong><\/p>\n<p style=\"text-align: justify;\"><strong>En cette semaine estivale, nous sommes invit\u00e9s \u00e0 prendre le temps. Prenons le temps de faire des choses que nous n\u2019avons pas le temps de faire d\u2019ordinaire : un geste envers des proches, une pri\u00e8re, une proposition, un service, un temps de silence, etc. Le temps nous est donn\u00e9, alors profitons-en ! Hakuna Matata !<\/strong><\/p>\n","protected":false},"excerpt":{"rendered":"<p>\u00ab [Marthe] avait une s\u0153ur nomm\u00e9e Marie qui, se tenant assise aux pieds du Seigneur, \u00e9coutait sa parole. Marthe \u00e9tait accapar\u00e9e par les multiples occupations du service. \u00bb Luc 10,38b-39 &gt; Il y a un temps pour tout, disait l\u2019Eccl\u00e9siaste. L\u2019\u00e9t\u00e9, on a l\u2019impression que le temps se d\u00e9tend (d\u00e9-temps), mais pour nous, l\u2019\u00e9t\u00e9 est-il le temps de l\u2019agitation inqui\u00e8te de Marthe (planification, questionnements) &#8230;ou de la contemplation de Marie ? Est-il celui du service ou celui de l\u2019\u00e9coute de la parole, de l\u2019instant pr\u00e9sent ? En cette semaine estivale, nous sommes invit\u00e9s \u00e0 prendre le temps. Prenons le temps de faire des choses que nous n\u2019avons pas le temps \u2026 <a class=\"continue-reading-link\" href=\"https:\/\/levangilealecran.com\/?p=336\"> Continue reading <span class=\"meta-nav\">&rarr; <\/span><\/a><\/p>\n","protected":false},"author":1,"featured_media":0,"comment_status":"open","ping_status":"open","sticky":false,"template":"","format":"standard","meta":{"footnotes":""},"categories":[4,6],"tags":[112,431,21,111,110,102],"class_list":["post-336","post","type-post","status-publish","format-standard","hentry","category-dimanche","category-luc","tag-ecclesiaste","tag-luc","tag-marie","tag-marthe","tag-temps","tag-vacances"],"_links":{"self":[{"href":"https:\/\/levangilealecran.com\/index.php?rest_route=\/wp\/v2\/posts\/336","targetHints":{"allow":["GET"]}}],"collection":[{"href":"https:\/\/levangilealecran.com\/index.php?rest_route=\/wp\/v2\/posts"}],"about":[{"href":"https:\/\/levangilealecran.com\/index.php?rest_route=\/wp\/v2\/types\/post"}],"author":[{"embeddable":true,"href":"https:\/\/levangilealecran.com\/index.php?rest_route=\/wp\/v2\/users\/1"}],"replies":[{"embeddable":true,"href":"https:\/\/levangilealecran.com\/index.php?rest_route=%2Fwp%2Fv2%2Fcomments&post=336"}],"version-history":[{"count":1,"href":"https:\/\/levangilealecran.com\/index.php?rest_route=\/wp\/v2\/posts\/336\/revisions"}],"predecessor-version":[{"id":337,"href":"https:\/\/levangilealecran.com\/index.php?rest_route=\/wp\/v2\/posts\/336\/revisions\/337"}],"wp:attachment":[{"href":"https:\/\/levangilealecran.com\/index.php?rest_route=%2Fwp%2Fv2%2Fmedia&parent=336"}],"wp:term":[{"taxonomy":"category","embeddable":true,"href":"https:\/\/levangilealecran.com\/index.php?rest_route=%2Fwp%2Fv2%2Fcategories&post=336"},{"taxonomy":"post_tag","embeddable":true,"href":"https:\/\/levangilealecran.com\/index.php?rest_route=%2Fwp%2Fv2%2Ftags&post=336"}],"curies":[{"name":"wp","href":"https:\/\/api.w.org\/{rel}","templated":true}]}}