{"id":3358,"date":"2025-10-24T04:34:50","date_gmt":"2025-10-24T02:34:50","guid":{"rendered":"https:\/\/levangilealecran.com\/?p=3358"},"modified":"2025-10-24T04:34:50","modified_gmt":"2025-10-24T02:34:50","slug":"30e-dimanche-du-temps-ordinaire-annee-c-26-octobre-2025","status":"publish","type":"post","link":"https:\/\/levangilealecran.com\/?p=3358","title":{"rendered":"30e dimanche du temps ordinaire \u2013 Ann\u00e9e C \u2013 26 octobre 2025"},"content":{"rendered":"\n<blockquote class=\"wp-block-quote is-layout-flow wp-block-quote-is-layout-flow\">\n<p class=\"wp-block-paragraph\">\u00ab En ce temps-l\u00e0, \u00e0 l\u2019adresse de certains qui \u00e9taient convaincus d\u2019\u00eatre justes\u2026 \u00bb<\/p>\n<cite>(Luc 18,9)<\/cite><\/blockquote>\n\n\n\n<figure class=\"wp-block-image size-large is-resized\"><a href=\"https:\/\/levangilealecran.com\/wp-content\/uploads\/2025\/10\/adolescente-tenant-croix-a-prier-paix-espoir-concept-de-reves-scaled.jpg\"><img loading=\"lazy\" decoding=\"async\" width=\"1024\" height=\"683\" src=\"https:\/\/levangilealecran.com\/wp-content\/uploads\/2025\/10\/adolescente-tenant-croix-a-prier-paix-espoir-concept-de-reves-1024x683.jpg\" alt=\"\" class=\"wp-image-3359\" style=\"width:600px\" srcset=\"https:\/\/levangilealecran.com\/wp-content\/uploads\/2025\/10\/adolescente-tenant-croix-a-prier-paix-espoir-concept-de-reves-1024x683.jpg 1024w, https:\/\/levangilealecran.com\/wp-content\/uploads\/2025\/10\/adolescente-tenant-croix-a-prier-paix-espoir-concept-de-reves-300x200.jpg 300w, https:\/\/levangilealecran.com\/wp-content\/uploads\/2025\/10\/adolescente-tenant-croix-a-prier-paix-espoir-concept-de-reves-768x512.jpg 768w, https:\/\/levangilealecran.com\/wp-content\/uploads\/2025\/10\/adolescente-tenant-croix-a-prier-paix-espoir-concept-de-reves-1536x1024.jpg 1536w, https:\/\/levangilealecran.com\/wp-content\/uploads\/2025\/10\/adolescente-tenant-croix-a-prier-paix-espoir-concept-de-reves-2048x1365.jpg 2048w, https:\/\/levangilealecran.com\/wp-content\/uploads\/2025\/10\/adolescente-tenant-croix-a-prier-paix-espoir-concept-de-reves-150x100.jpg 150w, https:\/\/levangilealecran.com\/wp-content\/uploads\/2025\/10\/adolescente-tenant-croix-a-prier-paix-espoir-concept-de-reves-225x150.jpg 225w, https:\/\/levangilealecran.com\/wp-content\/uploads\/2025\/10\/adolescente-tenant-croix-a-prier-paix-espoir-concept-de-reves-1320x880.jpg 1320w\" sizes=\"auto, (max-width: 1024px) 100vw, 1024px\" \/><\/a><\/figure>\n\n\n\n<p class=\"wp-block-paragraph\">> J\u00e9sus s\u2019adresse \u00e0 ceux \u00ab qui \u00e9taient convaincus d\u2019\u00eatre justes \u00bb. Sa parabole ne parle pas seulement de pri\u00e8re, mais de notre mani\u00e8re de nous situer les uns par rapport aux autres. Aujourd\u2019hui, la polarisation traverse tout : les d\u00e9bats futiles \u2014 ananas sur la pizza, caf\u00e9 sans sucre, train ou voiture \u2014 jusqu\u2019aux fractures profondes : vaccins, climat, Isra\u00ebl-Palestine. Chaque camp se croit juste, souvent sinc\u00e8rement. Mais plus on cherche \u00e0 prouver sa justice, plus on ferme la porte \u00e0 la rencontre. Le pharisien du r\u00e9cit prie, mais sa pri\u00e8re nourrit la s\u00e9paration. Le publicain, lui, se tait, s\u2019expose \u00e0 la lumi\u00e8re, et dans cette v\u00e9rit\u00e9 partag\u00e9e avec Dieu, il retrouve la fraternit\u00e9 perdue.<\/p>\n\n\n\n<p class=\"wp-block-paragraph\">> L\u2019\u00c9vangile n\u2019invite pas \u00e0 fuir le d\u00e9saccord, mais \u00e0 le vivre autrement : l\u2019humilit\u00e9, reconna\u00eetre que ma vision n\u2019est pas tout, que Dieu seul voit clair. Cette posture int\u00e9rieure transforme le regard et, peu \u00e0 peu, nos relations. L\u00e0 o\u00f9 la logique du monde oppose, la pri\u00e8re humble relie. Cette semaine, portons dans notre pri\u00e8re ceux avec qui nous ne sommes pas d\u2019accord. Que la mis\u00e9ricorde re\u00e7ue de Dieu nous apprenne \u00e0 regarder l\u2019autre non comme un adversaire, mais comme un fr\u00e8re en chemin. Alors, vraiment, \u00ab qui s\u2019abaisse sera \u00e9lev\u00e9. \u00bb Amen.<\/p>\n","protected":false},"excerpt":{"rendered":"<p>\u00ab En ce temps-l\u00e0, \u00e0 l\u2019adresse de certains qui \u00e9taient convaincus d\u2019\u00eatre justes\u2026 \u00bb (Luc 18,9) > J\u00e9sus s\u2019adresse \u00e0 ceux \u00ab qui \u00e9taient convaincus d\u2019\u00eatre justes \u00bb. Sa parabole ne parle pas seulement de pri\u00e8re, mais de notre mani\u00e8re de nous situer les uns par rapport aux autres. Aujourd\u2019hui, la polarisation traverse tout : les d\u00e9bats futiles \u2014 ananas sur la pizza, caf\u00e9 sans sucre, train ou voiture \u2014 jusqu\u2019aux fractures profondes : vaccins, climat, Isra\u00ebl-Palestine. Chaque camp se croit juste, souvent sinc\u00e8rement. Mais plus on cherche \u00e0 prouver sa justice, plus on ferme la porte \u00e0 la rencontre. Le pharisien du r\u00e9cit prie, mais sa pri\u00e8re nourrit la \u2026 <a class=\"continue-reading-link\" href=\"https:\/\/levangilealecran.com\/?p=3358\"> Continue reading <span class=\"meta-nav\">&rarr; <\/span><\/a><\/p>\n","protected":false},"author":2005,"featured_media":0,"comment_status":"open","ping_status":"open","sticky":false,"template":"","format":"standard","meta":{"footnotes":""},"categories":[1],"tags":[],"class_list":["post-3358","post","type-post","status-publish","format-standard","hentry","category-sanscategorie"],"_links":{"self":[{"href":"https:\/\/levangilealecran.com\/index.php?rest_route=\/wp\/v2\/posts\/3358","targetHints":{"allow":["GET"]}}],"collection":[{"href":"https:\/\/levangilealecran.com\/index.php?rest_route=\/wp\/v2\/posts"}],"about":[{"href":"https:\/\/levangilealecran.com\/index.php?rest_route=\/wp\/v2\/types\/post"}],"author":[{"embeddable":true,"href":"https:\/\/levangilealecran.com\/index.php?rest_route=\/wp\/v2\/users\/2005"}],"replies":[{"embeddable":true,"href":"https:\/\/levangilealecran.com\/index.php?rest_route=%2Fwp%2Fv2%2Fcomments&post=3358"}],"version-history":[{"count":1,"href":"https:\/\/levangilealecran.com\/index.php?rest_route=\/wp\/v2\/posts\/3358\/revisions"}],"predecessor-version":[{"id":3360,"href":"https:\/\/levangilealecran.com\/index.php?rest_route=\/wp\/v2\/posts\/3358\/revisions\/3360"}],"wp:attachment":[{"href":"https:\/\/levangilealecran.com\/index.php?rest_route=%2Fwp%2Fv2%2Fmedia&parent=3358"}],"wp:term":[{"taxonomy":"category","embeddable":true,"href":"https:\/\/levangilealecran.com\/index.php?rest_route=%2Fwp%2Fv2%2Fcategories&post=3358"},{"taxonomy":"post_tag","embeddable":true,"href":"https:\/\/levangilealecran.com\/index.php?rest_route=%2Fwp%2Fv2%2Ftags&post=3358"}],"curies":[{"name":"wp","href":"https:\/\/api.w.org\/{rel}","templated":true}]}}