{"id":3354,"date":"2025-10-17T05:43:00","date_gmt":"2025-10-17T03:43:00","guid":{"rendered":"https:\/\/levangilealecran.com\/?p=3354"},"modified":"2025-10-16T11:47:00","modified_gmt":"2025-10-16T09:47:00","slug":"29e-dimanche-du-temps-ordinaire-c-19-octobre-2025","status":"publish","type":"post","link":"https:\/\/levangilealecran.com\/?p=3354","title":{"rendered":"29e dimanche du Temps Ordinaire &#8211; C &#8211; 19 octobre 2025"},"content":{"rendered":"\n<blockquote class=\"wp-block-quote is-layout-flow wp-block-quote-is-layout-flow\">\n<p class=\"wp-block-paragraph\">\u00ab <strong>Cependant, le Fils de l\u2019homme, quand il viendra,<\/strong><\/p>\n\n\n\n<p class=\"wp-block-paragraph\"><strong>trouvera-t-il la foi sur la terre ?<\/strong> \u00bb<\/p>\n<cite>Luc 18.8<\/cite><\/blockquote>\n\n\n\n<figure class=\"wp-block-image size-large is-resized\"><a href=\"https:\/\/levangilealecran.com\/wp-content\/uploads\/2025\/10\/sky-3736565-scaled.jpg\"><img loading=\"lazy\" decoding=\"async\" width=\"1024\" height=\"683\" src=\"https:\/\/levangilealecran.com\/wp-content\/uploads\/2025\/10\/sky-3736565-1024x683.jpg\" alt=\"\" class=\"wp-image-3355\" style=\"width:600px\" srcset=\"https:\/\/levangilealecran.com\/wp-content\/uploads\/2025\/10\/sky-3736565-1024x683.jpg 1024w, https:\/\/levangilealecran.com\/wp-content\/uploads\/2025\/10\/sky-3736565-300x200.jpg 300w, https:\/\/levangilealecran.com\/wp-content\/uploads\/2025\/10\/sky-3736565-768x512.jpg 768w, https:\/\/levangilealecran.com\/wp-content\/uploads\/2025\/10\/sky-3736565-1536x1024.jpg 1536w, https:\/\/levangilealecran.com\/wp-content\/uploads\/2025\/10\/sky-3736565-2048x1365.jpg 2048w, https:\/\/levangilealecran.com\/wp-content\/uploads\/2025\/10\/sky-3736565-150x100.jpg 150w, https:\/\/levangilealecran.com\/wp-content\/uploads\/2025\/10\/sky-3736565-225x150.jpg 225w, https:\/\/levangilealecran.com\/wp-content\/uploads\/2025\/10\/sky-3736565-1320x880.jpg 1320w\" sizes=\"auto, (max-width: 1024px) 100vw, 1024px\" \/><\/a><\/figure>\n\n\n\n<p class=\"wp-block-paragraph\">La parabole dite du juge inique se termine par une question\u00a0: \u00e0 son retour, J\u00e9sus trouvera-t-il la foi sur terre ?<\/p>\n\n\n\n<p class=\"wp-block-paragraph\">J\u00e9sus vient bient\u00f4t. La question nous concerne donc au premier chef : avons-nous la foi\u00a0?<\/p>\n\n\n\n<p class=\"wp-block-paragraph\">S\u2019il y a bien quelqu&rsquo;un qui peut la trouver, c\u2019est Dieu, car il cr\u00e9e tout et sait o\u00f9 la chercher ; pourtant, elle est si rare que m\u00eame lui, dont les yeux peuvent d\u00e9tecter la foi aussi petite qu&rsquo;un grain de s\u00e9nev\u00e9, a du mal \u00e0 la trouver. Il y a trop peu de foi v\u00e9ritable dans le monde. Triste constat&nbsp;: combien nous faisons peu confiance \u00e0 notre Dieu&nbsp;! Avons-nous oubli\u00e9 qu\u2019un grain de s\u00e9nev\u00e9 de foi d\u00e9place des montagnes&nbsp;?<\/p>\n\n\n\n<p class=\"wp-block-paragraph\">Souvenons-nous de l\u2019instante pri\u00e8re des ap\u00f4tres conscients de leur \u00e9tat. Que leur pri\u00e8re devienne la n\u00f4tre&nbsp;: Seigneur, augmente-nous la foi. (Luc 17, 5).<\/p>\n","protected":false},"excerpt":{"rendered":"<p>\u00ab Cependant, le Fils de l\u2019homme, quand il viendra, trouvera-t-il la foi sur la terre ? \u00bb Luc 18.8 La parabole dite du juge inique se termine par une question\u00a0: \u00e0 son retour, J\u00e9sus trouvera-t-il la foi sur terre ? J\u00e9sus vient bient\u00f4t. La question nous concerne donc au premier chef : avons-nous la foi\u00a0? S\u2019il y a bien quelqu&rsquo;un qui peut la trouver, c\u2019est Dieu, car il cr\u00e9e tout et sait o\u00f9 la chercher ; pourtant, elle est si rare que m\u00eame lui, dont les yeux peuvent d\u00e9tecter la foi aussi petite qu&rsquo;un grain de s\u00e9nev\u00e9, a du mal \u00e0 la trouver. Il y a trop peu de foi \u2026 <a class=\"continue-reading-link\" href=\"https:\/\/levangilealecran.com\/?p=3354\"> Continue reading <span class=\"meta-nav\">&rarr; <\/span><\/a><\/p>\n","protected":false},"author":1,"featured_media":0,"comment_status":"open","ping_status":"open","sticky":false,"template":"","format":"standard","meta":{"footnotes":""},"categories":[4,6],"tags":[76,431],"class_list":["post-3354","post","type-post","status-publish","format-standard","hentry","category-dimanche","category-luc","tag-foi","tag-luc"],"_links":{"self":[{"href":"https:\/\/levangilealecran.com\/index.php?rest_route=\/wp\/v2\/posts\/3354","targetHints":{"allow":["GET"]}}],"collection":[{"href":"https:\/\/levangilealecran.com\/index.php?rest_route=\/wp\/v2\/posts"}],"about":[{"href":"https:\/\/levangilealecran.com\/index.php?rest_route=\/wp\/v2\/types\/post"}],"author":[{"embeddable":true,"href":"https:\/\/levangilealecran.com\/index.php?rest_route=\/wp\/v2\/users\/1"}],"replies":[{"embeddable":true,"href":"https:\/\/levangilealecran.com\/index.php?rest_route=%2Fwp%2Fv2%2Fcomments&post=3354"}],"version-history":[{"count":1,"href":"https:\/\/levangilealecran.com\/index.php?rest_route=\/wp\/v2\/posts\/3354\/revisions"}],"predecessor-version":[{"id":3356,"href":"https:\/\/levangilealecran.com\/index.php?rest_route=\/wp\/v2\/posts\/3354\/revisions\/3356"}],"wp:attachment":[{"href":"https:\/\/levangilealecran.com\/index.php?rest_route=%2Fwp%2Fv2%2Fmedia&parent=3354"}],"wp:term":[{"taxonomy":"category","embeddable":true,"href":"https:\/\/levangilealecran.com\/index.php?rest_route=%2Fwp%2Fv2%2Fcategories&post=3354"},{"taxonomy":"post_tag","embeddable":true,"href":"https:\/\/levangilealecran.com\/index.php?rest_route=%2Fwp%2Fv2%2Ftags&post=3354"}],"curies":[{"name":"wp","href":"https:\/\/api.w.org\/{rel}","templated":true}]}}