{"id":3349,"date":"2025-10-10T06:00:00","date_gmt":"2025-10-10T04:00:00","guid":{"rendered":"https:\/\/levangilealecran.com\/?p=3349"},"modified":"2025-10-09T17:27:56","modified_gmt":"2025-10-09T15:27:56","slug":"28e-dimanche-du-temps-ordinaire-c-12-octobre-2025","status":"publish","type":"post","link":"https:\/\/levangilealecran.com\/?p=3349","title":{"rendered":"28e dimanche du Temps Ordinaire \u2013 C &#8211; 12 octobre 2025"},"content":{"rendered":"\n<blockquote class=\"wp-block-quote is-layout-flow wp-block-quote-is-layout-flow\">\n<p class=\"wp-block-paragraph\">\u00ab L\u2019un d\u2019eux, se voyant gu\u00e9ri, revint sur ses pas, glorifiant Dieu \u00e0 pleine voix. Il tomba face contre terre aux pieds de J\u00e9sus et lui rendit gr\u00e2ce. C\u2019\u00e9tait un Samaritain. \u00bb<\/p>\n<cite>Luc 17.15-16<\/cite><\/blockquote>\n\n\n\n<figure class=\"wp-block-image size-large is-resized\"><a href=\"https:\/\/levangilealecran.com\/wp-content\/uploads\/2025\/10\/Gratitude-nick-fewings-3Zji01G_ptM-unsplash-scaled.jpg\"><img loading=\"lazy\" decoding=\"async\" width=\"1024\" height=\"683\" src=\"https:\/\/levangilealecran.com\/wp-content\/uploads\/2025\/10\/Gratitude-nick-fewings-3Zji01G_ptM-unsplash-1024x683.jpg\" alt=\"\" class=\"wp-image-3350\" style=\"width:600px\" srcset=\"https:\/\/levangilealecran.com\/wp-content\/uploads\/2025\/10\/Gratitude-nick-fewings-3Zji01G_ptM-unsplash-1024x683.jpg 1024w, https:\/\/levangilealecran.com\/wp-content\/uploads\/2025\/10\/Gratitude-nick-fewings-3Zji01G_ptM-unsplash-300x200.jpg 300w, https:\/\/levangilealecran.com\/wp-content\/uploads\/2025\/10\/Gratitude-nick-fewings-3Zji01G_ptM-unsplash-768x512.jpg 768w, https:\/\/levangilealecran.com\/wp-content\/uploads\/2025\/10\/Gratitude-nick-fewings-3Zji01G_ptM-unsplash-1536x1024.jpg 1536w, https:\/\/levangilealecran.com\/wp-content\/uploads\/2025\/10\/Gratitude-nick-fewings-3Zji01G_ptM-unsplash-2048x1365.jpg 2048w, https:\/\/levangilealecran.com\/wp-content\/uploads\/2025\/10\/Gratitude-nick-fewings-3Zji01G_ptM-unsplash-150x100.jpg 150w, https:\/\/levangilealecran.com\/wp-content\/uploads\/2025\/10\/Gratitude-nick-fewings-3Zji01G_ptM-unsplash-225x150.jpg 225w, https:\/\/levangilealecran.com\/wp-content\/uploads\/2025\/10\/Gratitude-nick-fewings-3Zji01G_ptM-unsplash-1320x880.jpg 1320w\" sizes=\"auto, (max-width: 1024px) 100vw, 1024px\" \/><\/a><\/figure>\n\n\n\n<p class=\"wp-block-paragraph\">> En bordure d\u2019un village, dans une zone situ\u00e9e entre deux r\u00e9gions aux populations hostiles l\u2019une envers l\u2019autre, J\u00e9sus se fait approcher par une \u00ab <em>communaut\u00e9 de destin <\/em>\u00bb bien particuli\u00e8re, car ses membres sont unis par une maladie infectieuse qui les met au ban de la soci\u00e9t\u00e9. Alors que Samaritains et Galil\u00e9ens s\u2019\u00e9vitent pour des raisons religieuses, le groupe semble bien inclure des repr\u00e9sentants des deux populations. C\u2019est un peu comme si lors d\u2019une hospitalisation en chambre commune, vous vous trouviez avec des personnes qui se situent \u00e0 des endroits diff\u00e9rents du v\u00f4tre, que ce soit par rapport \u00e0 leur m\u00e9tier, leur id\u00e9ologie, leur all\u00e9geance politique, ou encore leur spiritualit\u00e9. Il est d\u2019ailleurs possible que les dix malades ne soient ensemble que temporairement, le temps de venir demander la gu\u00e9rison \u00e0 celui qui peut les restaurer dans leur sant\u00e9.<\/p>\n\n\n\n<p class=\"wp-block-paragraph\">&gt; Trois observations :<\/p>\n\n\n\n<p class=\"wp-block-paragraph\">La parole d\u2019envoi vers les pr\u00eatres, charg\u00e9s par la Loi de constater la gu\u00e9rison de la l\u00e8pre, \u00e9tait du m\u00eame coup une parole de gu\u00e9rison efficace, dans la mesure o\u00f9 les malades y donn\u00e8rent suite \u2013 ce qu\u2019ils firent tous.<\/p>\n\n\n\n<p class=\"wp-block-paragraph\">Comme d\u2019habitude, le but des miracles que J\u00e9sus accomplit est de manifester que le r\u00e8gne de Dieu est arriv\u00e9 avec lui (<em>voir Luc 17.20-21<\/em>), et c\u2019est le fait de reconna\u00eetre qu\u2019il est l\u2019envoy\u00e9 et le repr\u00e9sentant de Dieu qui apporte, au-del\u00e0 de la gu\u00e9rison physique, un salut plus grand (<em>17.19<\/em>).<\/p>\n\n\n\n<p class=\"wp-block-paragraph\">Enfin, \u00e0 tous ceux qui vivent de la gr\u00e2ce de Dieu manifest\u00e9e en J\u00e9sus-Christ, cet \u00e9pisode rappelle que l\u2019action de gr\u00e2ce est une dimension essentielle de notre relation avec Dieu.<\/p>\n\n\n\n<p class=\"wp-block-paragraph\">Quel contraste entre l\u2019appel initial \u00e0 la compassion des dix et la glorification \u00e0 pleine voix du Samaritain qui exprime sa gratitude. Le psychoth\u00e9rapeute suisse Manfred Engeli a dit : <em>\u00ab C\u2019est par la reconnaissance que nous arrosons ce que Dieu a plant\u00e9. \u00bb<\/em> Nous en avons une belle illustration ici.<\/p>\n\n\n\n<p class=\"wp-block-paragraph\">Pour quoi et pour qui pouvez-vous dire \u00ab <em><strong>Merci <\/strong><\/em>\u00bb \u00e0 Dieu aujourd\u2019hui ?<\/p>\n\n\n\n<p class=\"wp-block-paragraph\">Dans ces jours qui viennent, cherchez \u00e0 cultiver une attitude de gratitude. Il ne s\u2019agit pas d\u2019inventer des choses ou d\u2019appeler \u00ab\u00a0<em>bien\u00a0\u00bb <\/em>ce qui ne l\u2019est pas. Mais de discerner des petites ou grandes \u00e9tincelles de la gr\u00e2ce de Dieu, et de l\u2019en remercier !<\/p>\n","protected":false},"excerpt":{"rendered":"<p>\u00ab L\u2019un d\u2019eux, se voyant gu\u00e9ri, revint sur ses pas, glorifiant Dieu \u00e0 pleine voix. Il tomba face contre terre aux pieds de J\u00e9sus et lui rendit gr\u00e2ce. C\u2019\u00e9tait un Samaritain. \u00bb Luc 17.15-16 > En bordure d\u2019un village, dans une zone situ\u00e9e entre deux r\u00e9gions aux populations hostiles l\u2019une envers l\u2019autre, J\u00e9sus se fait approcher par une \u00ab communaut\u00e9 de destin \u00bb bien particuli\u00e8re, car ses membres sont unis par une maladie infectieuse qui les met au ban de la soci\u00e9t\u00e9. Alors que Samaritains et Galil\u00e9ens s\u2019\u00e9vitent pour des raisons religieuses, le groupe semble bien inclure des repr\u00e9sentants des deux populations. C\u2019est un peu comme si lors d\u2019une hospitalisation \u2026 <a class=\"continue-reading-link\" href=\"https:\/\/levangilealecran.com\/?p=3349\"> Continue reading <span class=\"meta-nav\">&rarr; <\/span><\/a><\/p>\n","protected":false},"author":2005,"featured_media":0,"comment_status":"open","ping_status":"open","sticky":false,"template":"","format":"standard","meta":{"footnotes":""},"categories":[4,6],"tags":[],"class_list":["post-3349","post","type-post","status-publish","format-standard","hentry","category-dimanche","category-luc"],"_links":{"self":[{"href":"https:\/\/levangilealecran.com\/index.php?rest_route=\/wp\/v2\/posts\/3349","targetHints":{"allow":["GET"]}}],"collection":[{"href":"https:\/\/levangilealecran.com\/index.php?rest_route=\/wp\/v2\/posts"}],"about":[{"href":"https:\/\/levangilealecran.com\/index.php?rest_route=\/wp\/v2\/types\/post"}],"author":[{"embeddable":true,"href":"https:\/\/levangilealecran.com\/index.php?rest_route=\/wp\/v2\/users\/2005"}],"replies":[{"embeddable":true,"href":"https:\/\/levangilealecran.com\/index.php?rest_route=%2Fwp%2Fv2%2Fcomments&post=3349"}],"version-history":[{"count":1,"href":"https:\/\/levangilealecran.com\/index.php?rest_route=\/wp\/v2\/posts\/3349\/revisions"}],"predecessor-version":[{"id":3351,"href":"https:\/\/levangilealecran.com\/index.php?rest_route=\/wp\/v2\/posts\/3349\/revisions\/3351"}],"wp:attachment":[{"href":"https:\/\/levangilealecran.com\/index.php?rest_route=%2Fwp%2Fv2%2Fmedia&parent=3349"}],"wp:term":[{"taxonomy":"category","embeddable":true,"href":"https:\/\/levangilealecran.com\/index.php?rest_route=%2Fwp%2Fv2%2Fcategories&post=3349"},{"taxonomy":"post_tag","embeddable":true,"href":"https:\/\/levangilealecran.com\/index.php?rest_route=%2Fwp%2Fv2%2Ftags&post=3349"}],"curies":[{"name":"wp","href":"https:\/\/api.w.org\/{rel}","templated":true}]}}