{"id":3344,"date":"2025-10-03T06:00:00","date_gmt":"2025-10-03T04:00:00","guid":{"rendered":"https:\/\/levangilealecran.com\/?p=3344"},"modified":"2025-10-03T00:38:09","modified_gmt":"2025-10-02T22:38:09","slug":"27e-dimanche-du-temps-ordinaire-c-5-octobre-2025","status":"publish","type":"post","link":"https:\/\/levangilealecran.com\/?p=3344","title":{"rendered":"27e dimanche du Temps Ordinaire \u2013 C \u2013 5 octobre 2025"},"content":{"rendered":"\n<blockquote class=\"wp-block-quote is-layout-flow wp-block-quote-is-layout-flow\">\n<p class=\"wp-block-paragraph\">\u00ab De m\u00eame vous aussi, quand vous avez fait tout ce que Dieu vous a command\u00e9, dites : \u00ab\u00a0Nous sommes de simples serviteurs : nous n\u2019avons fait que notre devoir \u00bb<\/p>\n<cite>(Luc 17, 10)<\/cite><\/blockquote>\n\n\n\n<figure class=\"wp-block-image size-large is-resized\"><a href=\"https:\/\/levangilealecran.com\/wp-content\/uploads\/2025\/10\/pexels-angela-roma-7480283-scaled.jpg\"><img loading=\"lazy\" decoding=\"async\" width=\"683\" height=\"1024\" src=\"https:\/\/levangilealecran.com\/wp-content\/uploads\/2025\/10\/pexels-angela-roma-7480283-683x1024.jpg\" alt=\"\" class=\"wp-image-3345\" style=\"width:auto;height:600px\" srcset=\"https:\/\/levangilealecran.com\/wp-content\/uploads\/2025\/10\/pexels-angela-roma-7480283-683x1024.jpg 683w, https:\/\/levangilealecran.com\/wp-content\/uploads\/2025\/10\/pexels-angela-roma-7480283-200x300.jpg 200w, https:\/\/levangilealecran.com\/wp-content\/uploads\/2025\/10\/pexels-angela-roma-7480283-768x1152.jpg 768w, https:\/\/levangilealecran.com\/wp-content\/uploads\/2025\/10\/pexels-angela-roma-7480283-1024x1536.jpg 1024w, https:\/\/levangilealecran.com\/wp-content\/uploads\/2025\/10\/pexels-angela-roma-7480283-1365x2048.jpg 1365w, https:\/\/levangilealecran.com\/wp-content\/uploads\/2025\/10\/pexels-angela-roma-7480283-100x150.jpg 100w, https:\/\/levangilealecran.com\/wp-content\/uploads\/2025\/10\/pexels-angela-roma-7480283-1320x1980.jpg 1320w, https:\/\/levangilealecran.com\/wp-content\/uploads\/2025\/10\/pexels-angela-roma-7480283-scaled.jpg 1707w\" sizes=\"auto, (max-width: 683px) 100vw, 683px\" \/><\/a><\/figure>\n\n\n\n<p class=\"wp-block-paragraph\">&gt; Les disciples demandent \u00e0 J\u00e9sus : \u00ab Augmente en nous la foi ! \u00bb<\/p>\n\n\n\n<p class=\"wp-block-paragraph\">Comme s\u2019ils sentaient que ce qui leur est demand\u00e9 d\u00e9passe leurs forces. J\u00e9sus ne leur donne pas une formule magique. Il r\u00e9pond en parlant d\u2019un service humble, celui d\u2019un serviteur qui, apr\u00e8s une journ\u00e9e de travail, continue encore \u00e0 servir, sans attendre de r\u00e9compense particuli\u00e8re.<\/p>\n\n\n\n<p class=\"wp-block-paragraph\">Ce passage peut sembler s\u00e9v\u00e8re. Mais il r\u00e9v\u00e8le une chose essentielle : la foi v\u00e9ritable ne se mesure pas \u00e0 des exploits spirituels, mais \u00e0 la capacit\u00e9 d\u2019aimer et de servir sans condition, sans attente de retour. Une foi vivante se reconna\u00eet \u00e0 sa capacit\u00e9 \u00e0 traverser le quotidien, \u00e0 se faire proche, \u00e0 s\u2019engager dans l\u2019ordinaire.<\/p>\n\n\n\n<p class=\"wp-block-paragraph\">&gt; Ce texte trouve un \u00e9cho profond dans la vie des proches aidants : ceux et celles qui accompagnent un parent malade, un conjoint affaibli, un enfant en difficult\u00e9. Leur mission est souvent silencieuse, continue, sans horaires fixes. Ils donnent sans compter, soutiennent sans rel\u00e2che, souvent sans reconnaissance visible.<\/p>\n\n\n\n<p class=\"wp-block-paragraph\">Comme le serviteur de la parabole, ils pourraient dire : \u00ab Nous n\u2019avons fait que notre devoir. \u00bb Mais ce \u00ab\u00a0devoir\u00a0\u00bb n\u2019est pas banal : il est tiss\u00e9 de fid\u00e9lit\u00e9, de tendresse, de courage quotidien. Il est une forme d\u2019amour incarn\u00e9, patient, pers\u00e9v\u00e9rant.<\/p>\n\n\n\n<p class=\"wp-block-paragraph\"><strong>Le 30 octobre<\/strong>, ce sera la journ\u00e9e des proches aidants : dans leurs mains, dans leurs gestes, dans leur pr\u00e9sence, c\u2019est l\u2019\u00c9vangile qui se fait chair.<\/p>\n\n\n\n<p class=\"has-text-align-center wp-block-paragraph\"><em>Seigneur J\u00e9sus,<br>Toi qui t\u2019es fait serviteur,<br>regarde avec tendresse ceux qui, jour apr\u00e8s jour,<br>prennent soin d\u2019un \u00eatre cher dans la fragilit\u00e9.<br>Donne-leur la force quand ils sont fatigu\u00e9s,<br>la paix quand ils se sentent seuls,<br>et la lumi\u00e8re quand ils ne voient plus le sens.<br>Qu\u2019ils sachent qu\u2019\u00e0 travers leur fid\u00e9lit\u00e9,<br>c\u2019est ton amour qui agit, silencieux mais puissant.<br>Soutiens-les dans leur mission cach\u00e9e,<br>et rappelle-leur que tu es avec eux,<br>chaque jour, dans chaque geste.<\/em><\/p>\n","protected":false},"excerpt":{"rendered":"<p>\u00ab De m\u00eame vous aussi, quand vous avez fait tout ce que Dieu vous a command\u00e9, dites : \u00ab\u00a0Nous sommes de simples serviteurs : nous n\u2019avons fait que notre devoir \u00bb (Luc 17, 10) &gt; Les disciples demandent \u00e0 J\u00e9sus : \u00ab Augmente en nous la foi ! \u00bb Comme s\u2019ils sentaient que ce qui leur est demand\u00e9 d\u00e9passe leurs forces. J\u00e9sus ne leur donne pas une formule magique. Il r\u00e9pond en parlant d\u2019un service humble, celui d\u2019un serviteur qui, apr\u00e8s une journ\u00e9e de travail, continue encore \u00e0 servir, sans attendre de r\u00e9compense particuli\u00e8re. Ce passage peut sembler s\u00e9v\u00e8re. Mais il r\u00e9v\u00e8le une chose essentielle : la foi v\u00e9ritable ne \u2026 <a class=\"continue-reading-link\" href=\"https:\/\/levangilealecran.com\/?p=3344\"> Continue reading <span class=\"meta-nav\">&rarr; <\/span><\/a><\/p>\n","protected":false},"author":2005,"featured_media":0,"comment_status":"open","ping_status":"open","sticky":false,"template":"","format":"standard","meta":{"footnotes":""},"categories":[4,6,1],"tags":[],"class_list":["post-3344","post","type-post","status-publish","format-standard","hentry","category-dimanche","category-luc","category-sanscategorie"],"_links":{"self":[{"href":"https:\/\/levangilealecran.com\/index.php?rest_route=\/wp\/v2\/posts\/3344","targetHints":{"allow":["GET"]}}],"collection":[{"href":"https:\/\/levangilealecran.com\/index.php?rest_route=\/wp\/v2\/posts"}],"about":[{"href":"https:\/\/levangilealecran.com\/index.php?rest_route=\/wp\/v2\/types\/post"}],"author":[{"embeddable":true,"href":"https:\/\/levangilealecran.com\/index.php?rest_route=\/wp\/v2\/users\/2005"}],"replies":[{"embeddable":true,"href":"https:\/\/levangilealecran.com\/index.php?rest_route=%2Fwp%2Fv2%2Fcomments&post=3344"}],"version-history":[{"count":3,"href":"https:\/\/levangilealecran.com\/index.php?rest_route=\/wp\/v2\/posts\/3344\/revisions"}],"predecessor-version":[{"id":3348,"href":"https:\/\/levangilealecran.com\/index.php?rest_route=\/wp\/v2\/posts\/3344\/revisions\/3348"}],"wp:attachment":[{"href":"https:\/\/levangilealecran.com\/index.php?rest_route=%2Fwp%2Fv2%2Fmedia&parent=3344"}],"wp:term":[{"taxonomy":"category","embeddable":true,"href":"https:\/\/levangilealecran.com\/index.php?rest_route=%2Fwp%2Fv2%2Fcategories&post=3344"},{"taxonomy":"post_tag","embeddable":true,"href":"https:\/\/levangilealecran.com\/index.php?rest_route=%2Fwp%2Fv2%2Ftags&post=3344"}],"curies":[{"name":"wp","href":"https:\/\/api.w.org\/{rel}","templated":true}]}}