{"id":334,"date":"2013-07-12T14:43:44","date_gmt":"2013-07-12T12:43:44","guid":{"rendered":"http:\/\/levangilealecran.com?p=334"},"modified":"2013-07-12T14:43:44","modified_gmt":"2013-07-12T12:43:44","slug":"15e-dimanche-c","status":"publish","type":"post","link":"https:\/\/levangilealecran.com\/?p=334","title":{"rendered":"15e dimanche &#8211; C"},"content":{"rendered":"<p style=\"text-align: justify;\">\u00ab\u00a0Mais un Samaritain, qui \u00e9tait en voyage, arriva pr\u00e8s de lui; il le vit et fut saisi de piti\u00e9.\u00a0\u00bb Luc 10, 33<\/p>\n<p style=\"text-align: justify;\"><strong>&gt; Dans l&rsquo;attitude du Samaritain, comme souvent dans celle de J\u00e9sus, on peut remarquer qu&rsquo;il commence par voir l&rsquo;autre et que souvent ce regard remue l&rsquo;\u00eatre au plus profond de lui-m\u00eame, conduisant \u00e0 l&rsquo;amour et \u00e0 un geste d&rsquo;aide.<\/strong><\/p>\n<p style=\"text-align: justify;\"><strong>Il nous est propos\u00e9 cette semaine de faire particuli\u00e8rement attention aux gens qui nous entourent ou que nous croisons, que ce soit pour les aider, pour \u00e9changer ou pour s&rsquo;\u00e9merveiller.<\/strong><\/p>\n","protected":false},"excerpt":{"rendered":"<p>\u00ab\u00a0Mais un Samaritain, qui \u00e9tait en voyage, arriva pr\u00e8s de lui; il le vit et fut saisi de piti\u00e9.\u00a0\u00bb Luc 10, 33 &gt; Dans l&rsquo;attitude du Samaritain, comme souvent dans celle de J\u00e9sus, on peut remarquer qu&rsquo;il commence par voir l&rsquo;autre et que souvent ce regard remue l&rsquo;\u00eatre au plus profond de lui-m\u00eame, conduisant \u00e0 l&rsquo;amour et \u00e0 un geste d&rsquo;aide. Il nous est propos\u00e9 cette semaine de faire particuli\u00e8rement attention aux gens qui nous entourent ou que nous croisons, que ce soit pour les aider, pour \u00e9changer ou pour s&rsquo;\u00e9merveiller.<\/p>\n","protected":false},"author":1,"featured_media":0,"comment_status":"open","ping_status":"open","sticky":false,"template":"","format":"standard","meta":{"footnotes":""},"categories":[4,6],"tags":[109,106,42,108,107],"class_list":["post-334","post","type-post","status-publish","format-standard","hentry","category-dimanche","category-luc","tag-aider","tag-attention","tag-partage","tag-semerveiller","tag-samaritain"],"_links":{"self":[{"href":"https:\/\/levangilealecran.com\/index.php?rest_route=\/wp\/v2\/posts\/334","targetHints":{"allow":["GET"]}}],"collection":[{"href":"https:\/\/levangilealecran.com\/index.php?rest_route=\/wp\/v2\/posts"}],"about":[{"href":"https:\/\/levangilealecran.com\/index.php?rest_route=\/wp\/v2\/types\/post"}],"author":[{"embeddable":true,"href":"https:\/\/levangilealecran.com\/index.php?rest_route=\/wp\/v2\/users\/1"}],"replies":[{"embeddable":true,"href":"https:\/\/levangilealecran.com\/index.php?rest_route=%2Fwp%2Fv2%2Fcomments&post=334"}],"version-history":[{"count":1,"href":"https:\/\/levangilealecran.com\/index.php?rest_route=\/wp\/v2\/posts\/334\/revisions"}],"predecessor-version":[{"id":335,"href":"https:\/\/levangilealecran.com\/index.php?rest_route=\/wp\/v2\/posts\/334\/revisions\/335"}],"wp:attachment":[{"href":"https:\/\/levangilealecran.com\/index.php?rest_route=%2Fwp%2Fv2%2Fmedia&parent=334"}],"wp:term":[{"taxonomy":"category","embeddable":true,"href":"https:\/\/levangilealecran.com\/index.php?rest_route=%2Fwp%2Fv2%2Fcategories&post=334"},{"taxonomy":"post_tag","embeddable":true,"href":"https:\/\/levangilealecran.com\/index.php?rest_route=%2Fwp%2Fv2%2Ftags&post=334"}],"curies":[{"name":"wp","href":"https:\/\/api.w.org\/{rel}","templated":true}]}}