{"id":3331,"date":"2025-09-12T06:00:00","date_gmt":"2025-09-12T04:00:00","guid":{"rendered":"https:\/\/levangilealecran.com\/?p=3331"},"modified":"2025-09-11T15:09:03","modified_gmt":"2025-09-11T13:09:03","slug":"dimanche-de-la-fete-de-la-croix-glorieuse-c-14-septembre-2025","status":"publish","type":"post","link":"https:\/\/levangilealecran.com\/?p=3331","title":{"rendered":"Dimanche de la F\u00eate de la Croix glorieuse \u2013 C \u2013 14 septembre 2025"},"content":{"rendered":"\n<blockquote class=\"wp-block-quote is-layout-flow wp-block-quote-is-layout-flow\">\n<p class=\"wp-block-paragraph\">*** \u00ab En ce temps-l\u00e0, J\u00e9sus disait \u00e0 Nicod\u00e8me&#8230; \u00bb<\/p>\n<cite>(Jean 3, 13-17)<\/cite><\/blockquote>\n\n\n\n<figure class=\"wp-block-image size-large is-resized\"><a href=\"https:\/\/levangilealecran.com\/wp-content\/uploads\/2025\/09\/stencil.facebook-ad-carousel3.jpg\"><img loading=\"lazy\" decoding=\"async\" width=\"1024\" height=\"1024\" src=\"https:\/\/levangilealecran.com\/wp-content\/uploads\/2025\/09\/stencil.facebook-ad-carousel3-1024x1024.jpg\" alt=\"\" class=\"wp-image-3332\" style=\"width:600px\" srcset=\"https:\/\/levangilealecran.com\/wp-content\/uploads\/2025\/09\/stencil.facebook-ad-carousel3-1024x1024.jpg 1024w, https:\/\/levangilealecran.com\/wp-content\/uploads\/2025\/09\/stencil.facebook-ad-carousel3-300x300.jpg 300w, https:\/\/levangilealecran.com\/wp-content\/uploads\/2025\/09\/stencil.facebook-ad-carousel3-150x150.jpg 150w, https:\/\/levangilealecran.com\/wp-content\/uploads\/2025\/09\/stencil.facebook-ad-carousel3-768x768.jpg 768w, https:\/\/levangilealecran.com\/wp-content\/uploads\/2025\/09\/stencil.facebook-ad-carousel3.jpg 1200w\" sizes=\"auto, (max-width: 1024px) 100vw, 1024px\" \/><\/a><\/figure>\n\n\n\n<p class=\"wp-block-paragraph\">> Avant m\u00eame les paroles c\u00e9l\u00e8bres sur l\u2019amour de Dieu et le salut du monde, l\u2019\u00c9vangile nous dit ceci : J\u00e9sus disait \u00e0 Nicod\u00e8me. Pas \u00e0 une foule. Pas dans un temple. Mais \u00e0 un homme, de nuit, dans le secret d\u2019une conversation. Le salut se r\u00e9v\u00e8le dans la lenteur d\u2019un \u00e9change vrai, \u00e0 hauteur humaine. <em>Jean 3,16<\/em> \u2014 si souvent cit\u00e9 \u2014 est le fruit d\u2019un long cheminement int\u00e9rieur, d\u2019un dialogue discret o\u00f9 Nicod\u00e8me peut poser ses questions, ses doutes, et ouvrir peu \u00e0 peu son c\u0153ur (<em>cf. Jean 3 <\/em>en entier).<\/p>\n\n\n\n<p class=\"wp-block-paragraph\">><em>Jean 3, 16<\/em>&#8230; Il ne suffit pas de proclamer ce verset du haut des toits : il faut d\u2019abord en vivre la d\u00e9marche. Prendre le temps d\u2019\u00e9couter, de rencontrer, de tisser des liens r\u00e9els. Cette semaine, ne cherchons pas \u00e0 convaincre \u00e0 tout prix : cherchons \u00e0 aimer, \u00e0 \u00eatre pr\u00e9sents, \u00e0 cr\u00e9er ces espaces de confiance o\u00f9 la Parole peut na\u00eetre. Amen.<\/p>\n","protected":false},"excerpt":{"rendered":"<p>*** \u00ab En ce temps-l\u00e0, J\u00e9sus disait \u00e0 Nicod\u00e8me&#8230; \u00bb (Jean 3, 13-17) > Avant m\u00eame les paroles c\u00e9l\u00e8bres sur l\u2019amour de Dieu et le salut du monde, l\u2019\u00c9vangile nous dit ceci : J\u00e9sus disait \u00e0 Nicod\u00e8me. Pas \u00e0 une foule. Pas dans un temple. Mais \u00e0 un homme, de nuit, dans le secret d\u2019une conversation. Le salut se r\u00e9v\u00e8le dans la lenteur d\u2019un \u00e9change vrai, \u00e0 hauteur humaine. Jean 3,16 \u2014 si souvent cit\u00e9 \u2014 est le fruit d\u2019un long cheminement int\u00e9rieur, d\u2019un dialogue discret o\u00f9 Nicod\u00e8me peut poser ses questions, ses doutes, et ouvrir peu \u00e0 peu son c\u0153ur (cf. Jean 3 en entier). >Jean 3, 16&#8230; Il \u2026 <a class=\"continue-reading-link\" href=\"https:\/\/levangilealecran.com\/?p=3331\"> Continue reading <span class=\"meta-nav\">&rarr; <\/span><\/a><\/p>\n","protected":false},"author":2005,"featured_media":0,"comment_status":"open","ping_status":"open","sticky":false,"template":"","format":"standard","meta":{"footnotes":""},"categories":[4,24,5],"tags":[],"class_list":["post-3331","post","type-post","status-publish","format-standard","hentry","category-dimanche","category-fetes","category-jean"],"_links":{"self":[{"href":"https:\/\/levangilealecran.com\/index.php?rest_route=\/wp\/v2\/posts\/3331","targetHints":{"allow":["GET"]}}],"collection":[{"href":"https:\/\/levangilealecran.com\/index.php?rest_route=\/wp\/v2\/posts"}],"about":[{"href":"https:\/\/levangilealecran.com\/index.php?rest_route=\/wp\/v2\/types\/post"}],"author":[{"embeddable":true,"href":"https:\/\/levangilealecran.com\/index.php?rest_route=\/wp\/v2\/users\/2005"}],"replies":[{"embeddable":true,"href":"https:\/\/levangilealecran.com\/index.php?rest_route=%2Fwp%2Fv2%2Fcomments&post=3331"}],"version-history":[{"count":1,"href":"https:\/\/levangilealecran.com\/index.php?rest_route=\/wp\/v2\/posts\/3331\/revisions"}],"predecessor-version":[{"id":3333,"href":"https:\/\/levangilealecran.com\/index.php?rest_route=\/wp\/v2\/posts\/3331\/revisions\/3333"}],"wp:attachment":[{"href":"https:\/\/levangilealecran.com\/index.php?rest_route=%2Fwp%2Fv2%2Fmedia&parent=3331"}],"wp:term":[{"taxonomy":"category","embeddable":true,"href":"https:\/\/levangilealecran.com\/index.php?rest_route=%2Fwp%2Fv2%2Fcategories&post=3331"},{"taxonomy":"post_tag","embeddable":true,"href":"https:\/\/levangilealecran.com\/index.php?rest_route=%2Fwp%2Fv2%2Ftags&post=3331"}],"curies":[{"name":"wp","href":"https:\/\/api.w.org\/{rel}","templated":true}]}}