{"id":3328,"date":"2025-09-05T06:00:00","date_gmt":"2025-09-05T04:00:00","guid":{"rendered":"https:\/\/levangilealecran.com\/?p=3328"},"modified":"2025-09-04T10:57:04","modified_gmt":"2025-09-04T08:57:04","slug":"23e-dimanche-du-temps-ordinaire-c-7-septembre-2025","status":"publish","type":"post","link":"https:\/\/levangilealecran.com\/?p=3328","title":{"rendered":"23e dimanche du Temps Ordinaire \u2013 C \u2013 7 septembre 2025"},"content":{"rendered":"\n<blockquote class=\"wp-block-quote is-layout-flow wp-block-quote-is-layout-flow\">\n<p class=\"wp-block-paragraph\">\u00ab Celui d\u2019entre vous qui ne renonce pas \u00e0 tout ce qui lui appartient ne peut pas \u00eatre mon disciple. \u00bb<\/p>\n<cite>(Luc 14, 33)<\/cite><\/blockquote>\n\n\n\n<figure class=\"wp-block-image size-large is-resized\"><a href=\"https:\/\/levangilealecran.com\/wp-content\/uploads\/2025\/09\/stencil.facebook-ad-carousel.jpg\"><img loading=\"lazy\" decoding=\"async\" width=\"1024\" height=\"1024\" src=\"https:\/\/levangilealecran.com\/wp-content\/uploads\/2025\/09\/stencil.facebook-ad-carousel-1024x1024.jpg\" alt=\"\" class=\"wp-image-3329\" style=\"width:600px\" srcset=\"https:\/\/levangilealecran.com\/wp-content\/uploads\/2025\/09\/stencil.facebook-ad-carousel-1024x1024.jpg 1024w, https:\/\/levangilealecran.com\/wp-content\/uploads\/2025\/09\/stencil.facebook-ad-carousel-300x300.jpg 300w, https:\/\/levangilealecran.com\/wp-content\/uploads\/2025\/09\/stencil.facebook-ad-carousel-150x150.jpg 150w, https:\/\/levangilealecran.com\/wp-content\/uploads\/2025\/09\/stencil.facebook-ad-carousel-768x768.jpg 768w, https:\/\/levangilealecran.com\/wp-content\/uploads\/2025\/09\/stencil.facebook-ad-carousel.jpg 1200w\" sizes=\"auto, (max-width: 1024px) 100vw, 1024px\" \/><\/a><\/figure>\n\n\n\n<p class=\"wp-block-paragraph\">PRIORIT\u00c9<\/p>\n\n\n\n<p class=\"wp-block-paragraph\">> Les \u00ab prestations \u00bb de J\u00e9sus ont fait de Lui l\u2019homme du moment et beaucoup le suivent. Voil\u00e0 que J\u00e9sus s\u2019arr\u00eate, se retourne et il pose le cadre de la marche avec Lui. Ses propos sont sans appel : renoncer \u00e0 tout pour \u00eatre disciple. Renoncer c\u2019est choisir, c\u2019est \u00e9tablir des priorit\u00e9s. Or, Dieu devrait \u00eatre la priorit\u00e9 absolue de ses disciples. Choisir Dieu, c\u2019est choisir la vie. C\u2019est d\u2019ailleurs son conseil : je mets devant toi la vie ou la mort, la b\u00e9n\u00e9diction ou la mal\u00e9diction. Choisis donc la vie, pour que vous viviez, toi et ta descendance <em>(Deut\u00e9ronome 30, 19)<\/em>.<\/p>\n\n\n\n<p class=\"wp-block-paragraph\">> Pour aider dans ce choix, gardons \u00e0 l\u2019esprit que Dieu a form\u00e9 pour nous des projets de paix et non de malheur afin de nous donner un avenir et une esp\u00e9rance <em>(J\u00e9r\u00e9mie 29, 11)<\/em>. N\u2019oublions pas surtout que Dieu nous a choisi d\u00e8s avant la fondation du monde et que nous sommes sa priorit\u00e9 absolue, m\u00eame si nous ne le voyons pas toujours.<\/p>\n","protected":false},"excerpt":{"rendered":"<p>\u00ab Celui d\u2019entre vous qui ne renonce pas \u00e0 tout ce qui lui appartient ne peut pas \u00eatre mon disciple. \u00bb (Luc 14, 33) PRIORIT\u00c9 > Les \u00ab prestations \u00bb de J\u00e9sus ont fait de Lui l\u2019homme du moment et beaucoup le suivent. Voil\u00e0 que J\u00e9sus s\u2019arr\u00eate, se retourne et il pose le cadre de la marche avec Lui. Ses propos sont sans appel : renoncer \u00e0 tout pour \u00eatre disciple. Renoncer c\u2019est choisir, c\u2019est \u00e9tablir des priorit\u00e9s. Or, Dieu devrait \u00eatre la priorit\u00e9 absolue de ses disciples. Choisir Dieu, c\u2019est choisir la vie. C\u2019est d\u2019ailleurs son conseil : je mets devant toi la vie ou la mort, la b\u00e9n\u00e9diction \u2026 <a class=\"continue-reading-link\" href=\"https:\/\/levangilealecran.com\/?p=3328\"> Continue reading <span class=\"meta-nav\">&rarr; <\/span><\/a><\/p>\n","protected":false},"author":2005,"featured_media":0,"comment_status":"open","ping_status":"open","sticky":false,"template":"","format":"standard","meta":{"footnotes":""},"categories":[4,6],"tags":[],"class_list":["post-3328","post","type-post","status-publish","format-standard","hentry","category-dimanche","category-luc"],"_links":{"self":[{"href":"https:\/\/levangilealecran.com\/index.php?rest_route=\/wp\/v2\/posts\/3328","targetHints":{"allow":["GET"]}}],"collection":[{"href":"https:\/\/levangilealecran.com\/index.php?rest_route=\/wp\/v2\/posts"}],"about":[{"href":"https:\/\/levangilealecran.com\/index.php?rest_route=\/wp\/v2\/types\/post"}],"author":[{"embeddable":true,"href":"https:\/\/levangilealecran.com\/index.php?rest_route=\/wp\/v2\/users\/2005"}],"replies":[{"embeddable":true,"href":"https:\/\/levangilealecran.com\/index.php?rest_route=%2Fwp%2Fv2%2Fcomments&post=3328"}],"version-history":[{"count":1,"href":"https:\/\/levangilealecran.com\/index.php?rest_route=\/wp\/v2\/posts\/3328\/revisions"}],"predecessor-version":[{"id":3330,"href":"https:\/\/levangilealecran.com\/index.php?rest_route=\/wp\/v2\/posts\/3328\/revisions\/3330"}],"wp:attachment":[{"href":"https:\/\/levangilealecran.com\/index.php?rest_route=%2Fwp%2Fv2%2Fmedia&parent=3328"}],"wp:term":[{"taxonomy":"category","embeddable":true,"href":"https:\/\/levangilealecran.com\/index.php?rest_route=%2Fwp%2Fv2%2Fcategories&post=3328"},{"taxonomy":"post_tag","embeddable":true,"href":"https:\/\/levangilealecran.com\/index.php?rest_route=%2Fwp%2Fv2%2Ftags&post=3328"}],"curies":[{"name":"wp","href":"https:\/\/api.w.org\/{rel}","templated":true}]}}