{"id":332,"date":"2013-07-05T13:53:24","date_gmt":"2013-07-05T11:53:24","guid":{"rendered":"http:\/\/levangilealecran.com?p=332"},"modified":"2013-07-05T13:53:25","modified_gmt":"2013-07-05T11:53:25","slug":"14e-dimanche-c","status":"publish","type":"post","link":"https:\/\/levangilealecran.com\/?p=332","title":{"rendered":"14e dimanche &#8211; C"},"content":{"rendered":"<p style=\"text-align: justify;\">\u00ab\u00a0Il [le Seigneur] leur dit : La moisson est grande, mais il y a peu d\u2019ouvriers. Priez donc le ma\u00eetre de la moisson d\u2019envoyer des ouvriers dans sa moisson.\u00a0\u00bb &#8211; Luc 10,2<\/p>\n<p style=\"text-align: justify;\"><strong>&gt; L\u2019\u00e9t\u00e9, c\u2019est la saison des moissons. Le champ dont parle l\u2019Evangile, c\u2019est le Royaume de Dieu.<\/strong><\/p>\n<p style=\"text-align: justify;\"><strong>Et si, pendant nos vacances, nous prenions soin de ce champ-l\u00e0? Prier, c\u2019est bien, \u00e9videmment, mais agir, c\u2019est mieux! Semer, voir grandir, \u00f4ter les mauvaises herbes pour enfin moissonner\u2026 Dieu nous fait la gr\u00e2ce de nous associer \u00e0 son travail, chacune et chacun selon ses talents. O\u00f9 que nous soyons, durant l\u2019\u00e9t\u00e9, Dieu nous y a plac\u00e9s comme collaborateurs de l\u2019annonce de sa Parole! Ecouter, aider, soutenir, admirer, m\u00e9diter, prier, nous engager, t\u00e9moigner\u2026 Nous verrons que ce petit \u201cplus\u201d changera la couleur de nos vacances! \u201cLa moisson est grande\u201d\u2026<\/strong><\/p>\n","protected":false},"excerpt":{"rendered":"<p>\u00ab\u00a0Il [le Seigneur] leur dit : La moisson est grande, mais il y a peu d\u2019ouvriers. Priez donc le ma\u00eetre de la moisson d\u2019envoyer des ouvriers dans sa moisson.\u00a0\u00bb &#8211; Luc 10,2 &gt; L\u2019\u00e9t\u00e9, c\u2019est la saison des moissons. Le champ dont parle l\u2019Evangile, c\u2019est le Royaume de Dieu. Et si, pendant nos vacances, nous prenions soin de ce champ-l\u00e0? Prier, c\u2019est bien, \u00e9videmment, mais agir, c\u2019est mieux! Semer, voir grandir, \u00f4ter les mauvaises herbes pour enfin moissonner\u2026 Dieu nous fait la gr\u00e2ce de nous associer \u00e0 son travail, chacune et chacun selon ses talents. O\u00f9 que nous soyons, durant l\u2019\u00e9t\u00e9, Dieu nous y a plac\u00e9s comme collaborateurs de l\u2019annonce \u2026 <a class=\"continue-reading-link\" href=\"https:\/\/levangilealecran.com\/?p=332\"> Continue reading <span class=\"meta-nav\">&rarr; <\/span><\/a><\/p>\n","protected":false},"author":1,"featured_media":0,"comment_status":"open","ping_status":"open","sticky":false,"template":"","format":"standard","meta":{"footnotes":""},"categories":[4,6],"tags":[105,431,103,31,104,102],"class_list":["post-332","post","type-post","status-publish","format-standard","hentry","category-dimanche","category-luc","tag-engagement","tag-luc","tag-moisson","tag-priere","tag-semer","tag-vacances"],"_links":{"self":[{"href":"https:\/\/levangilealecran.com\/index.php?rest_route=\/wp\/v2\/posts\/332","targetHints":{"allow":["GET"]}}],"collection":[{"href":"https:\/\/levangilealecran.com\/index.php?rest_route=\/wp\/v2\/posts"}],"about":[{"href":"https:\/\/levangilealecran.com\/index.php?rest_route=\/wp\/v2\/types\/post"}],"author":[{"embeddable":true,"href":"https:\/\/levangilealecran.com\/index.php?rest_route=\/wp\/v2\/users\/1"}],"replies":[{"embeddable":true,"href":"https:\/\/levangilealecran.com\/index.php?rest_route=%2Fwp%2Fv2%2Fcomments&post=332"}],"version-history":[{"count":1,"href":"https:\/\/levangilealecran.com\/index.php?rest_route=\/wp\/v2\/posts\/332\/revisions"}],"predecessor-version":[{"id":333,"href":"https:\/\/levangilealecran.com\/index.php?rest_route=\/wp\/v2\/posts\/332\/revisions\/333"}],"wp:attachment":[{"href":"https:\/\/levangilealecran.com\/index.php?rest_route=%2Fwp%2Fv2%2Fmedia&parent=332"}],"wp:term":[{"taxonomy":"category","embeddable":true,"href":"https:\/\/levangilealecran.com\/index.php?rest_route=%2Fwp%2Fv2%2Fcategories&post=332"},{"taxonomy":"post_tag","embeddable":true,"href":"https:\/\/levangilealecran.com\/index.php?rest_route=%2Fwp%2Fv2%2Ftags&post=332"}],"curies":[{"name":"wp","href":"https:\/\/api.w.org\/{rel}","templated":true}]}}