{"id":3304,"date":"2025-07-25T06:00:00","date_gmt":"2025-07-25T04:00:00","guid":{"rendered":"https:\/\/levangilealecran.com\/?p=3304"},"modified":"2025-07-10T15:57:51","modified_gmt":"2025-07-10T13:57:51","slug":"17e-dimanche-du-temps-ordinaire-c-27-juillet-2025","status":"publish","type":"post","link":"https:\/\/levangilealecran.com\/?p=3304","title":{"rendered":"17e dimanche du Temps Ordinaire \u2013 C \u2013 27 juillet 2025"},"content":{"rendered":"\n<blockquote class=\"wp-block-quote is-layout-flow wp-block-quote-is-layout-flow\">\n<p class=\"wp-block-paragraph\">\u00ab Combien plus le P\u00e8re du ciel donnera-t-il l\u2019Esprit Saint \u00e0 ceux qui le lui demandent ! \u00bb<\/p>\n<cite>(Luc 11, 13)<\/cite><\/blockquote>\n\n\n\n<p class=\"wp-block-paragraph\">EVIDENCES !<\/p>\n\n\n\n<figure class=\"wp-block-image size-large is-resized\"><a href=\"https:\/\/levangilealecran.com\/wp-content\/uploads\/2025\/07\/door-4810233_1920.jpg\"><img loading=\"lazy\" decoding=\"async\" width=\"1024\" height=\"683\" src=\"https:\/\/levangilealecran.com\/wp-content\/uploads\/2025\/07\/door-4810233_1920-1024x683.jpg\" alt=\"\" class=\"wp-image-3305\" style=\"width:600px\" srcset=\"https:\/\/levangilealecran.com\/wp-content\/uploads\/2025\/07\/door-4810233_1920-1024x683.jpg 1024w, https:\/\/levangilealecran.com\/wp-content\/uploads\/2025\/07\/door-4810233_1920-300x200.jpg 300w, https:\/\/levangilealecran.com\/wp-content\/uploads\/2025\/07\/door-4810233_1920-768x512.jpg 768w, https:\/\/levangilealecran.com\/wp-content\/uploads\/2025\/07\/door-4810233_1920-1536x1024.jpg 1536w, https:\/\/levangilealecran.com\/wp-content\/uploads\/2025\/07\/door-4810233_1920-150x100.jpg 150w, https:\/\/levangilealecran.com\/wp-content\/uploads\/2025\/07\/door-4810233_1920-225x150.jpg 225w, https:\/\/levangilealecran.com\/wp-content\/uploads\/2025\/07\/door-4810233_1920-1320x880.jpg 1320w, https:\/\/levangilealecran.com\/wp-content\/uploads\/2025\/07\/door-4810233_1920.jpg 1920w\" sizes=\"auto, (max-width: 1024px) 100vw, 1024px\" \/><\/a><\/figure>\n\n\n\n<p class=\"wp-block-paragraph\">> A l\u2019\u00e9vidence, les disciples d\u00e9sirent \u00eatre aussi bien pris en charge que s\u2019ils avaient choisi de suivre Jean le Baptiste. Lui avait pris soin d\u2019enseigner \u00e0 ceux qui le suivaient une certaine mani\u00e8re de prier. Les disciples de J\u00e9sus veulent pouvoir se r\u00e9f\u00e9rer \u00e0 leur ma\u00eetre en ayant son mod\u00e8le de pri\u00e8re. \u00c9videmment, ils sont conscients qu\u2019ils ne savent pas prier. J\u00e9sus leur donne alors le Notre P\u00e8re.<\/p>\n\n\n\n<p class=\"wp-block-paragraph\">Mais, J\u00e9sus ne se contente pas de les satisfaire ; il illustre son propos par une histoire dont, \u00e0 premi\u00e8re lecture, le lien avec la pri\u00e8re n\u2019est pas \u00e9vident ! C\u2019est l\u2019histoire de deux amis dont l\u2019un est dans le besoin \u00e0 cause d\u2019un troisi\u00e8me. En pleine nuit, il tambourine sur une porte au m\u00e9pris de toutes les r\u00e8gles de biens\u00e9ance. Et J\u00e9sus estime que l\u2019importun a raison ! Il obtiendra une r\u00e9ponse favorable.<\/p>\n\n\n\n<p class=\"wp-block-paragraph\">Ces faits n\u2019auraient-ils pas pour objet de nous rappeler quelques \u00e9vidences : nous sommes amis de Dieu et il nous faut insister aupr\u00e8s de Lui pour satisfaire les besoins l\u00e9gitimes des amis qui nous sollicitent.<\/p>\n\n\n\n<p class=\"wp-block-paragraph\">La r\u00e9ponse de Dieu sera au-del\u00e0 de nos esp\u00e9rances : n\u2019enverra-t-il pas l\u2019Esprit-Saint pour nous conduire dans toute la v\u00e9rit\u00e9 et nous guider dans nos pri\u00e8res ?<\/p>\n\n\n\n<p class=\"wp-block-paragraph\">&gt; Souvenons-nous, aussi, que nous n\u2019aurons pas \u00e0 tambouriner \u00e0 la porte du ciel, car il ne sommeille, ni ne dort Celui qui veille sur nous (Psaume 121, 4).<\/p>\n","protected":false},"excerpt":{"rendered":"<p>\u00ab Combien plus le P\u00e8re du ciel donnera-t-il l\u2019Esprit Saint \u00e0 ceux qui le lui demandent ! \u00bb (Luc 11, 13) EVIDENCES ! > A l\u2019\u00e9vidence, les disciples d\u00e9sirent \u00eatre aussi bien pris en charge que s\u2019ils avaient choisi de suivre Jean le Baptiste. Lui avait pris soin d\u2019enseigner \u00e0 ceux qui le suivaient une certaine mani\u00e8re de prier. Les disciples de J\u00e9sus veulent pouvoir se r\u00e9f\u00e9rer \u00e0 leur ma\u00eetre en ayant son mod\u00e8le de pri\u00e8re. \u00c9videmment, ils sont conscients qu\u2019ils ne savent pas prier. J\u00e9sus leur donne alors le Notre P\u00e8re. Mais, J\u00e9sus ne se contente pas de les satisfaire ; il illustre son propos par une histoire dont, \u2026 <a class=\"continue-reading-link\" href=\"https:\/\/levangilealecran.com\/?p=3304\"> Continue reading <span class=\"meta-nav\">&rarr; <\/span><\/a><\/p>\n","protected":false},"author":2005,"featured_media":0,"comment_status":"open","ping_status":"open","sticky":false,"template":"","format":"standard","meta":{"footnotes":""},"categories":[1],"tags":[],"class_list":["post-3304","post","type-post","status-publish","format-standard","hentry","category-sanscategorie"],"_links":{"self":[{"href":"https:\/\/levangilealecran.com\/index.php?rest_route=\/wp\/v2\/posts\/3304","targetHints":{"allow":["GET"]}}],"collection":[{"href":"https:\/\/levangilealecran.com\/index.php?rest_route=\/wp\/v2\/posts"}],"about":[{"href":"https:\/\/levangilealecran.com\/index.php?rest_route=\/wp\/v2\/types\/post"}],"author":[{"embeddable":true,"href":"https:\/\/levangilealecran.com\/index.php?rest_route=\/wp\/v2\/users\/2005"}],"replies":[{"embeddable":true,"href":"https:\/\/levangilealecran.com\/index.php?rest_route=%2Fwp%2Fv2%2Fcomments&post=3304"}],"version-history":[{"count":1,"href":"https:\/\/levangilealecran.com\/index.php?rest_route=\/wp\/v2\/posts\/3304\/revisions"}],"predecessor-version":[{"id":3306,"href":"https:\/\/levangilealecran.com\/index.php?rest_route=\/wp\/v2\/posts\/3304\/revisions\/3306"}],"wp:attachment":[{"href":"https:\/\/levangilealecran.com\/index.php?rest_route=%2Fwp%2Fv2%2Fmedia&parent=3304"}],"wp:term":[{"taxonomy":"category","embeddable":true,"href":"https:\/\/levangilealecran.com\/index.php?rest_route=%2Fwp%2Fv2%2Fcategories&post=3304"},{"taxonomy":"post_tag","embeddable":true,"href":"https:\/\/levangilealecran.com\/index.php?rest_route=%2Fwp%2Fv2%2Ftags&post=3304"}],"curies":[{"name":"wp","href":"https:\/\/api.w.org\/{rel}","templated":true}]}}