{"id":3301,"date":"2025-07-18T06:00:00","date_gmt":"2025-07-18T04:00:00","guid":{"rendered":"https:\/\/levangilealecran.com\/?p=3301"},"modified":"2025-07-10T15:47:43","modified_gmt":"2025-07-10T13:47:43","slug":"16e-dimanche-du-temps-ordinaire-c-20-juillet-2025","status":"publish","type":"post","link":"https:\/\/levangilealecran.com\/?p=3301","title":{"rendered":"16e dimanche du Temps Ordinaire \u2013 C \u2013 20 juillet 2025"},"content":{"rendered":"\n<blockquote class=\"wp-block-quote is-layout-flow wp-block-quote-is-layout-flow\">\n<p class=\"wp-block-paragraph\">\u00ab Marie, qui, s\u2019\u00e9tant assise aux pieds de J\u00e9sus, \u00e9coutait sa parole. \u2026 \u201cMarie a choisi la meilleure part, qui ne lui sera pas enlev\u00e9e. \u201c \u00bb<\/p>\n<cite>(Luc 10.38-42)<\/cite><\/blockquote>\n\n\n\n<figure class=\"wp-block-image size-full is-resized\"><a href=\"https:\/\/levangilealecran.com\/wp-content\/uploads\/2025\/07\/Identite-corps-du-Christ.png\"><img loading=\"lazy\" decoding=\"async\" width=\"992\" height=\"1016\" src=\"https:\/\/levangilealecran.com\/wp-content\/uploads\/2025\/07\/Identite-corps-du-Christ.png\" alt=\"\" class=\"wp-image-3302\" style=\"width:600px\" srcset=\"https:\/\/levangilealecran.com\/wp-content\/uploads\/2025\/07\/Identite-corps-du-Christ.png 992w, https:\/\/levangilealecran.com\/wp-content\/uploads\/2025\/07\/Identite-corps-du-Christ-293x300.png 293w, https:\/\/levangilealecran.com\/wp-content\/uploads\/2025\/07\/Identite-corps-du-Christ-768x787.png 768w, https:\/\/levangilealecran.com\/wp-content\/uploads\/2025\/07\/Identite-corps-du-Christ-146x150.png 146w\" sizes=\"auto, (max-width: 992px) 100vw, 992px\" \/><\/a><\/figure>\n\n\n\n<p class=\"wp-block-paragraph\">> J\u00e9sus \u00e9tait certainement bien content, \u00e0 la fin de son enseignement, de pouvoir b\u00e9n\u00e9ficier du repas que Marthe avait pr\u00e9par\u00e9, et ses disciples aussi. Ce n\u2019est donc pas le fait d\u2019exercer son minist\u00e8re d\u2019hospitalit\u00e9 que J\u00e9sus lui reproche, mais plut\u00f4t de ne plus trouver \u00e0 c\u00f4t\u00e9 d\u2019un accueil simple le temps de l\u2019\u00e9couter, elle aussi.<\/p>\n\n\n\n<p class=\"wp-block-paragraph\">> Ce qui dans le contexte d\u2019alors est inhabituel, c\u2019est que Marie soit assise aux pieds du Ma\u00eetre, et que J\u00e9sus n\u2019y voie aucun inconv\u00e9nient. Bien au contraire, il la loue pour son discernement de l\u2019essentiel : \u00eatre \u00e0 l\u2019\u00e9coute de celui qui est venu r\u00e9v\u00e9ler Dieu dans sa pl\u00e9nitude, et qui offre de nouveaux possibles. Dont celui, r\u00e9current dans son attitude, ses faits et gestes, de r\u00e9tablir la femme dans son r\u00f4le, certes pas interchangeable avec les hommes, mais comme vis-\u00e0-vis en pleine \u00e9galit\u00e9. \u00c0 commencer par \u00eatre disciple qui cherche et cultive l\u2019intimit\u00e9 avec J\u00e9sus pour l\u2019aimer et apprendre de lui, ce qui est \u00ab la meilleure part. \u00bb<\/p>\n\n\n\n<p class=\"wp-block-paragraph\">> Ce r\u00e9tablissement de la femme dans une dignit\u00e9 et valeur \u00e9gales aux hommes est un des aspects lib\u00e9rateurs de l\u2019\u00c9vangile. Que de souffrances l\u00e0 o\u00f9 ce n\u2019est pas reconnu, l\u00e0 o\u00f9 des femmes sont encore consid\u00e9r\u00e9es comme inf\u00e9rieures aux hommes, avec les cons\u00e9quences qui souvent les d\u00e9shonorent, ainsi que leur Cr\u00e9ateur. Mais J\u00e9sus continue \u00e0 venir lib\u00e9rer, gu\u00e9rir, r\u00e9tablir. Que nous puissions le suivre dans cette dynamique, avec l\u2019aide de l\u2019Esprit de force, d\u2019amour et de sagesse (2 Tim 1.7) !<\/p>\n\n\n\n<p class=\"wp-block-paragraph\">> Trois suggestions pour progresser sur ce chemin de libert\u00e9 :<\/p>\n\n\n\n<p class=\"wp-block-paragraph\">1) B\u00e9nissons Dieu de ce qu\u2019en Christ il n\u2019y a plus \u00ab ni hommes ni femmes \u00bb, mais des \u00ab nouvelles cr\u00e9ations \u00bb qui sont transform\u00e9es par le Saint-Esprit \u00e0 l\u2019image du Christ, qu\u2019elles soient de sexe masculin ou f\u00e9minin (Galates 3.28, 2 Corinthiens 5.17).<br>2) Accueillons-nous mutuellement et soutenons-nous entre hommes et femmes comme vis-\u00e0-vis \u00e9gaux dans la mission que Dieu nous confie aux uns et aux autres.<br>3) Et si le sujet rappelle des souffrances, pourquoi ne pas en parler et prier avec un(e) ami(e) dans la foi ou un(e) responsable spirituel(le) ?<\/p>\n","protected":false},"excerpt":{"rendered":"<p>\u00ab Marie, qui, s\u2019\u00e9tant assise aux pieds de J\u00e9sus, \u00e9coutait sa parole. \u2026 \u201cMarie a choisi la meilleure part, qui ne lui sera pas enlev\u00e9e. \u201c \u00bb (Luc 10.38-42) > J\u00e9sus \u00e9tait certainement bien content, \u00e0 la fin de son enseignement, de pouvoir b\u00e9n\u00e9ficier du repas que Marthe avait pr\u00e9par\u00e9, et ses disciples aussi. Ce n\u2019est donc pas le fait d\u2019exercer son minist\u00e8re d\u2019hospitalit\u00e9 que J\u00e9sus lui reproche, mais plut\u00f4t de ne plus trouver \u00e0 c\u00f4t\u00e9 d\u2019un accueil simple le temps de l\u2019\u00e9couter, elle aussi. > Ce qui dans le contexte d\u2019alors est inhabituel, c\u2019est que Marie soit assise aux pieds du Ma\u00eetre, et que J\u00e9sus n\u2019y voie aucun inconv\u00e9nient. \u2026 <a class=\"continue-reading-link\" href=\"https:\/\/levangilealecran.com\/?p=3301\"> Continue reading <span class=\"meta-nav\">&rarr; <\/span><\/a><\/p>\n","protected":false},"author":2005,"featured_media":0,"comment_status":"open","ping_status":"open","sticky":false,"template":"","format":"standard","meta":{"footnotes":""},"categories":[1],"tags":[],"class_list":["post-3301","post","type-post","status-publish","format-standard","hentry","category-sanscategorie"],"_links":{"self":[{"href":"https:\/\/levangilealecran.com\/index.php?rest_route=\/wp\/v2\/posts\/3301","targetHints":{"allow":["GET"]}}],"collection":[{"href":"https:\/\/levangilealecran.com\/index.php?rest_route=\/wp\/v2\/posts"}],"about":[{"href":"https:\/\/levangilealecran.com\/index.php?rest_route=\/wp\/v2\/types\/post"}],"author":[{"embeddable":true,"href":"https:\/\/levangilealecran.com\/index.php?rest_route=\/wp\/v2\/users\/2005"}],"replies":[{"embeddable":true,"href":"https:\/\/levangilealecran.com\/index.php?rest_route=%2Fwp%2Fv2%2Fcomments&post=3301"}],"version-history":[{"count":1,"href":"https:\/\/levangilealecran.com\/index.php?rest_route=\/wp\/v2\/posts\/3301\/revisions"}],"predecessor-version":[{"id":3303,"href":"https:\/\/levangilealecran.com\/index.php?rest_route=\/wp\/v2\/posts\/3301\/revisions\/3303"}],"wp:attachment":[{"href":"https:\/\/levangilealecran.com\/index.php?rest_route=%2Fwp%2Fv2%2Fmedia&parent=3301"}],"wp:term":[{"taxonomy":"category","embeddable":true,"href":"https:\/\/levangilealecran.com\/index.php?rest_route=%2Fwp%2Fv2%2Fcategories&post=3301"},{"taxonomy":"post_tag","embeddable":true,"href":"https:\/\/levangilealecran.com\/index.php?rest_route=%2Fwp%2Fv2%2Ftags&post=3301"}],"curies":[{"name":"wp","href":"https:\/\/api.w.org\/{rel}","templated":true}]}}