{"id":330,"date":"2013-06-28T16:58:00","date_gmt":"2013-06-28T14:58:00","guid":{"rendered":"http:\/\/levangilealecran.com?p=330"},"modified":"2013-06-28T16:58:00","modified_gmt":"2013-06-28T14:58:00","slug":"13e-dimanche-c","status":"publish","type":"post","link":"https:\/\/levangilealecran.com\/?p=330","title":{"rendered":"13e dimanche &#8211; C"},"content":{"rendered":"<p style=\"text-align: justify;\">Il dit \u00e0 un autre : \u00ab Suis-moi. \u00bb L&rsquo;homme r\u00e9pondit : \u00ab Permets-moi d&rsquo;aller d&rsquo;abord enterrer mon p\u00e8re. \u00bb Mais J\u00e9sus r\u00e9pliqua : \u00ab Laisse les morts enterrer leurs morts. Toi, va annoncer le r\u00e8gne de Dieu. \u00bb Luc 9, 59-60<\/p>\n<p style=\"text-align: justify;\">Pour aller de l&rsquo;avant, pour s&rsquo;\u00e9panouir, pour r\u00e9pondre \u00e0 l&rsquo;appel de Dieu, il faut l\u00e2cher ce qui nous entrave, ce qui nous emp\u00eache de r\u00e9pondre joyeusement \u00e0 l&rsquo;appel de Dieu.<\/p>\n<p style=\"text-align: justify;\">Je vous propose cette semaine de r\u00e9fl\u00e9chir \u00e0 ce qui vous p\u00e8se dans votre vie et qui vous emp\u00eache d&rsquo;aller pleinement de l&rsquo;avant. Et dans un second temps, de remettre tout \u00e7a \u00e0 Dieu, pour transformer ces obstacles en chemin de vie.<\/p>\n","protected":false},"excerpt":{"rendered":"<p>Il dit \u00e0 un autre : \u00ab Suis-moi. \u00bb L&rsquo;homme r\u00e9pondit : \u00ab Permets-moi d&rsquo;aller d&rsquo;abord enterrer mon p\u00e8re. \u00bb Mais J\u00e9sus r\u00e9pliqua : \u00ab Laisse les morts enterrer leurs morts. Toi, va annoncer le r\u00e8gne de Dieu. \u00bb Luc 9, 59-60 Pour aller de l&rsquo;avant, pour s&rsquo;\u00e9panouir, pour r\u00e9pondre \u00e0 l&rsquo;appel de Dieu, il faut l\u00e2cher ce qui nous entrave, ce qui nous emp\u00eache de r\u00e9pondre joyeusement \u00e0 l&rsquo;appel de Dieu. Je vous propose cette semaine de r\u00e9fl\u00e9chir \u00e0 ce qui vous p\u00e8se dans votre vie et qui vous emp\u00eache d&rsquo;aller pleinement de l&rsquo;avant. Et dans un second temps, de remettre tout \u00e7a \u00e0 Dieu, pour transformer ces obstacles \u2026 <a class=\"continue-reading-link\" href=\"https:\/\/levangilealecran.com\/?p=330\"> Continue reading <span class=\"meta-nav\">&rarr; <\/span><\/a><\/p>\n","protected":false},"author":1,"featured_media":0,"comment_status":"open","ping_status":"open","sticky":false,"template":"","format":"standard","meta":{"footnotes":""},"categories":[4,6],"tags":[99,101,100,431],"class_list":["post-330","post","type-post","status-publish","format-standard","hentry","category-dimanche","category-luc","tag-appel","tag-chemin","tag-lacher-prise","tag-luc"],"_links":{"self":[{"href":"https:\/\/levangilealecran.com\/index.php?rest_route=\/wp\/v2\/posts\/330","targetHints":{"allow":["GET"]}}],"collection":[{"href":"https:\/\/levangilealecran.com\/index.php?rest_route=\/wp\/v2\/posts"}],"about":[{"href":"https:\/\/levangilealecran.com\/index.php?rest_route=\/wp\/v2\/types\/post"}],"author":[{"embeddable":true,"href":"https:\/\/levangilealecran.com\/index.php?rest_route=\/wp\/v2\/users\/1"}],"replies":[{"embeddable":true,"href":"https:\/\/levangilealecran.com\/index.php?rest_route=%2Fwp%2Fv2%2Fcomments&post=330"}],"version-history":[{"count":1,"href":"https:\/\/levangilealecran.com\/index.php?rest_route=\/wp\/v2\/posts\/330\/revisions"}],"predecessor-version":[{"id":331,"href":"https:\/\/levangilealecran.com\/index.php?rest_route=\/wp\/v2\/posts\/330\/revisions\/331"}],"wp:attachment":[{"href":"https:\/\/levangilealecran.com\/index.php?rest_route=%2Fwp%2Fv2%2Fmedia&parent=330"}],"wp:term":[{"taxonomy":"category","embeddable":true,"href":"https:\/\/levangilealecran.com\/index.php?rest_route=%2Fwp%2Fv2%2Fcategories&post=330"},{"taxonomy":"post_tag","embeddable":true,"href":"https:\/\/levangilealecran.com\/index.php?rest_route=%2Fwp%2Fv2%2Ftags&post=330"}],"curies":[{"name":"wp","href":"https:\/\/api.w.org\/{rel}","templated":true}]}}