{"id":3298,"date":"2025-07-11T06:00:00","date_gmt":"2025-07-11T04:00:00","guid":{"rendered":"https:\/\/levangilealecran.com\/?p=3298"},"modified":"2025-07-10T15:29:15","modified_gmt":"2025-07-10T13:29:15","slug":"15e-dimanche-du-temps-ordinaire-c-13-juillet-2025","status":"publish","type":"post","link":"https:\/\/levangilealecran.com\/?p=3298","title":{"rendered":"15e dimanche du temps ordinaire \u2013 C \u2013 13 juillet 2025"},"content":{"rendered":"\n<blockquote class=\"wp-block-quote is-layout-flow wp-block-quote-is-layout-flow\">\n<p class=\"wp-block-paragraph\">J\u00e9sus lui demanda : \u00ab Dans la Loi, qu\u2019y a-t-il d\u2019\u00e9crit ? Et comment lis-tu ? \u00bb<br>L\u2019autre r\u00e9pondit : \u00ab Tu aimeras le Seigneur ton Dieu de tout ton c\u0153ur, de toute ton \u00e2me, de toute ta force et de toute ton intelligence, et ton prochain comme toi-m\u00eame. \u00bb<\/p>\n<cite>(Luc 10,26-27)<\/cite><\/blockquote>\n\n\n\n<figure class=\"wp-block-image size-large is-resized\"><a href=\"https:\/\/levangilealecran.com\/wp-content\/uploads\/2025\/07\/EALE-Lc-10-26-27-13-juillet-2025-publication-le-11.jpg\"><img loading=\"lazy\" decoding=\"async\" width=\"1024\" height=\"715\" src=\"https:\/\/levangilealecran.com\/wp-content\/uploads\/2025\/07\/EALE-Lc-10-26-27-13-juillet-2025-publication-le-11-1024x715.jpg\" alt=\"\" class=\"wp-image-3299\" style=\"width:600px\" srcset=\"https:\/\/levangilealecran.com\/wp-content\/uploads\/2025\/07\/EALE-Lc-10-26-27-13-juillet-2025-publication-le-11-1024x715.jpg 1024w, https:\/\/levangilealecran.com\/wp-content\/uploads\/2025\/07\/EALE-Lc-10-26-27-13-juillet-2025-publication-le-11-300x210.jpg 300w, https:\/\/levangilealecran.com\/wp-content\/uploads\/2025\/07\/EALE-Lc-10-26-27-13-juillet-2025-publication-le-11-768x536.jpg 768w, https:\/\/levangilealecran.com\/wp-content\/uploads\/2025\/07\/EALE-Lc-10-26-27-13-juillet-2025-publication-le-11-1536x1073.jpg 1536w, https:\/\/levangilealecran.com\/wp-content\/uploads\/2025\/07\/EALE-Lc-10-26-27-13-juillet-2025-publication-le-11-150x105.jpg 150w, https:\/\/levangilealecran.com\/wp-content\/uploads\/2025\/07\/EALE-Lc-10-26-27-13-juillet-2025-publication-le-11-215x150.jpg 215w, https:\/\/levangilealecran.com\/wp-content\/uploads\/2025\/07\/EALE-Lc-10-26-27-13-juillet-2025-publication-le-11-1320x922.jpg 1320w, https:\/\/levangilealecran.com\/wp-content\/uploads\/2025\/07\/EALE-Lc-10-26-27-13-juillet-2025-publication-le-11.jpg 1724w\" sizes=\"auto, (max-width: 1024px) 100vw, 1024px\" \/><\/a><\/figure>\n\n\n\n<p class=\"wp-block-paragraph\">> J\u00e9sus discute avec un docteur de la Loi. Au-del\u00e0 du pi\u00e8ge que tendra ensuite ce dernier \u00e0 J\u00e9sus, ce qui est d\u2019embl\u00e9e int\u00e9ressant dans la r\u00e9ponse qu\u2019il fait ici, c\u2019est ce qu\u2019il AJOUTE \u00e0 la citation de la Loi. Car la Loi est claire : \u00ab Tu aimeras ton prochain comme toi-m\u00eame \u00bb est une citation de L\u00e9vitique 19,18, et la citation de Deut\u00e9ronome 6,5 dit : \u00ab Tu aimeras le Seigneur ton Dieu de tout ton c\u0153ur, de toute ton \u00e2me et de toute ta force. \u00bb\u2026 mais l\u2019homme de loi rajoute \u00ab et de toute ton intelligence \u00bb.<br>> Ce faisant, il se place d\u2019embl\u00e9e dans l\u2019enseignement de J\u00e9sus qui fustige ceux qui appliquent les lois \u00e0 la lettre sans y mettre l\u2019intelligence, le sens, la compr\u00e9hension de la situation. J\u00e9sus va, ensuite, lui pr\u00e9senter une situation qui suppose la piti\u00e9 et l\u2019homme de loi r\u00e9pondra correctement (c\u2019est la fin de notre \u00c9vangile de ce week-end).<br>> A nous, d\u00e8s lors, d\u2019aimer le Seigneur et notre prochain non seulement de tout notre c\u0153ur, de toute notre \u00e2me, de toute notre force mais aussi avec toute la n\u00e9cessaire intelligence, en n\u2019oubliant jamais le contexte\u2026 et tout ce qui nous \u00e9chappe d\u2019une situation au premier abord.<\/p>\n","protected":false},"excerpt":{"rendered":"<p>J\u00e9sus lui demanda : \u00ab Dans la Loi, qu\u2019y a-t-il d\u2019\u00e9crit ? Et comment lis-tu ? \u00bbL\u2019autre r\u00e9pondit : \u00ab Tu aimeras le Seigneur ton Dieu de tout ton c\u0153ur, de toute ton \u00e2me, de toute ta force et de toute ton intelligence, et ton prochain comme toi-m\u00eame. \u00bb (Luc 10,26-27) > J\u00e9sus discute avec un docteur de la Loi. Au-del\u00e0 du pi\u00e8ge que tendra ensuite ce dernier \u00e0 J\u00e9sus, ce qui est d\u2019embl\u00e9e int\u00e9ressant dans la r\u00e9ponse qu\u2019il fait ici, c\u2019est ce qu\u2019il AJOUTE \u00e0 la citation de la Loi. Car la Loi est claire : \u00ab Tu aimeras ton prochain comme toi-m\u00eame \u00bb est une citation de L\u00e9vitique \u2026 <a class=\"continue-reading-link\" href=\"https:\/\/levangilealecran.com\/?p=3298\"> Continue reading <span class=\"meta-nav\">&rarr; <\/span><\/a><\/p>\n","protected":false},"author":2005,"featured_media":0,"comment_status":"open","ping_status":"open","sticky":false,"template":"","format":"standard","meta":{"footnotes":""},"categories":[1],"tags":[],"class_list":["post-3298","post","type-post","status-publish","format-standard","hentry","category-sanscategorie"],"_links":{"self":[{"href":"https:\/\/levangilealecran.com\/index.php?rest_route=\/wp\/v2\/posts\/3298","targetHints":{"allow":["GET"]}}],"collection":[{"href":"https:\/\/levangilealecran.com\/index.php?rest_route=\/wp\/v2\/posts"}],"about":[{"href":"https:\/\/levangilealecran.com\/index.php?rest_route=\/wp\/v2\/types\/post"}],"author":[{"embeddable":true,"href":"https:\/\/levangilealecran.com\/index.php?rest_route=\/wp\/v2\/users\/2005"}],"replies":[{"embeddable":true,"href":"https:\/\/levangilealecran.com\/index.php?rest_route=%2Fwp%2Fv2%2Fcomments&post=3298"}],"version-history":[{"count":1,"href":"https:\/\/levangilealecran.com\/index.php?rest_route=\/wp\/v2\/posts\/3298\/revisions"}],"predecessor-version":[{"id":3300,"href":"https:\/\/levangilealecran.com\/index.php?rest_route=\/wp\/v2\/posts\/3298\/revisions\/3300"}],"wp:attachment":[{"href":"https:\/\/levangilealecran.com\/index.php?rest_route=%2Fwp%2Fv2%2Fmedia&parent=3298"}],"wp:term":[{"taxonomy":"category","embeddable":true,"href":"https:\/\/levangilealecran.com\/index.php?rest_route=%2Fwp%2Fv2%2Fcategories&post=3298"},{"taxonomy":"post_tag","embeddable":true,"href":"https:\/\/levangilealecran.com\/index.php?rest_route=%2Fwp%2Fv2%2Ftags&post=3298"}],"curies":[{"name":"wp","href":"https:\/\/api.w.org\/{rel}","templated":true}]}}