{"id":3291,"date":"2025-06-27T06:00:00","date_gmt":"2025-06-27T04:00:00","guid":{"rendered":"https:\/\/levangilealecran.com\/?p=3291"},"modified":"2025-06-25T17:36:49","modified_gmt":"2025-06-25T15:36:49","slug":"saint-pierre-et-saint-paul-c-dimanche-29-juin-2025","status":"publish","type":"post","link":"https:\/\/levangilealecran.com\/?p=3291","title":{"rendered":"Saint Pierre et Saint Paul \u2013 C \u2013 Dimanche 29 juin 2025"},"content":{"rendered":"\n<blockquote class=\"wp-block-quote is-layout-flow wp-block-quote-is-layout-flow\">\n<p class=\"wp-block-paragraph\">\u00ab M\u2019aimes-tu ? \u00bb<\/p>\n<cite>(Jean 21.15-19)<\/cite><\/blockquote>\n\n\n\n<figure class=\"wp-block-image size-large is-resized\"><a href=\"https:\/\/levangilealecran.com\/wp-content\/uploads\/2025\/06\/pexels-michaela-st-3448542-32420442-scaled.jpg\"><img loading=\"lazy\" decoding=\"async\" width=\"1024\" height=\"683\" src=\"https:\/\/levangilealecran.com\/wp-content\/uploads\/2025\/06\/pexels-michaela-st-3448542-32420442-1024x683.jpg\" alt=\"\" class=\"wp-image-3292\" style=\"width:600px\" srcset=\"https:\/\/levangilealecran.com\/wp-content\/uploads\/2025\/06\/pexels-michaela-st-3448542-32420442-1024x683.jpg 1024w, https:\/\/levangilealecran.com\/wp-content\/uploads\/2025\/06\/pexels-michaela-st-3448542-32420442-300x200.jpg 300w, https:\/\/levangilealecran.com\/wp-content\/uploads\/2025\/06\/pexels-michaela-st-3448542-32420442-768x512.jpg 768w, https:\/\/levangilealecran.com\/wp-content\/uploads\/2025\/06\/pexels-michaela-st-3448542-32420442-1536x1024.jpg 1536w, https:\/\/levangilealecran.com\/wp-content\/uploads\/2025\/06\/pexels-michaela-st-3448542-32420442-2048x1365.jpg 2048w, https:\/\/levangilealecran.com\/wp-content\/uploads\/2025\/06\/pexels-michaela-st-3448542-32420442-150x100.jpg 150w, https:\/\/levangilealecran.com\/wp-content\/uploads\/2025\/06\/pexels-michaela-st-3448542-32420442-225x150.jpg 225w, https:\/\/levangilealecran.com\/wp-content\/uploads\/2025\/06\/pexels-michaela-st-3448542-32420442-1320x880.jpg 1320w\" sizes=\"auto, (max-width: 1024px) 100vw, 1024px\" \/><\/a><\/figure>\n\n\n\n<p class=\"wp-block-paragraph\">> Quelle profondeur dans ce temps de rencontre privil\u00e9gi\u00e9 entre J\u00e9sus et Pierre !!<br>J\u00e9sus rejoint les disciples en tant que groupe en partageant le repas avec eux apr\u00e8s la p\u00eache miraculeuse. Mais ce qui est fantastique, c&rsquo;est cette capacit\u00e9 qu&rsquo;il a de se faire aussi proche de l&rsquo;un d&rsquo;eux, comme s&rsquo;ils \u00e9taient en t\u00eate-\u00e0-t\u00eate: \u00ab Simon, m\u2019aimes-tu ? \u00bb ; trois fois le Christ va poser cette question \u00e0 Pierre et ce 3x nous rappelle, bien s\u00fbr, le reniement de Pierre avant la Passion, lorsque 3x il a pr\u00e9tendu ne pas conna\u00eetre J\u00e9sus&#8230;<br>L\u2019occasion est trop belle de se racheter, d\u2019effacer le poids de la trahison ! et J\u00e9sus va m\u00eame lui confier la mission de prendre soin de ses brebis. C&rsquo;est un passage rempli d\u2019\u00e9motion et de responsabilit\u00e9. Qu\u2019aurais-je r\u00e9pondu ?<br>> \u00ab\u00a0Seigneur, tu connais mon c\u0153ur mieux que moi-m\u00eame. Tu sais combien il est rempli d\u2019\u00e9motions et d\u2019intentions disparates\u2026Tu m\u2019as interrog\u00e9 trois fois, non pour me condamner, mais pour m\u2019assurer de la profondeur de mon amour pour toi. Malgr\u00e9 mes erreurs, malgr\u00e9 ma faiblesse, je te donne mon amour sinc\u00e8re. Que ma vie soit un t\u00e9moignage de la gr\u00e2ce que tu m\u2019as offerte. Amen.\u00a0\u00bb<\/p>\n","protected":false},"excerpt":{"rendered":"<p>\u00ab M\u2019aimes-tu ? \u00bb (Jean 21.15-19) > Quelle profondeur dans ce temps de rencontre privil\u00e9gi\u00e9 entre J\u00e9sus et Pierre !!J\u00e9sus rejoint les disciples en tant que groupe en partageant le repas avec eux apr\u00e8s la p\u00eache miraculeuse. Mais ce qui est fantastique, c&rsquo;est cette capacit\u00e9 qu&rsquo;il a de se faire aussi proche de l&rsquo;un d&rsquo;eux, comme s&rsquo;ils \u00e9taient en t\u00eate-\u00e0-t\u00eate: \u00ab Simon, m\u2019aimes-tu ? \u00bb ; trois fois le Christ va poser cette question \u00e0 Pierre et ce 3x nous rappelle, bien s\u00fbr, le reniement de Pierre avant la Passion, lorsque 3x il a pr\u00e9tendu ne pas conna\u00eetre J\u00e9sus&#8230;L\u2019occasion est trop belle de se racheter, d\u2019effacer le poids de la \u2026 <a class=\"continue-reading-link\" href=\"https:\/\/levangilealecran.com\/?p=3291\"> Continue reading <span class=\"meta-nav\">&rarr; <\/span><\/a><\/p>\n","protected":false},"author":2005,"featured_media":0,"comment_status":"open","ping_status":"open","sticky":false,"template":"","format":"standard","meta":{"footnotes":""},"categories":[1],"tags":[],"class_list":["post-3291","post","type-post","status-publish","format-standard","hentry","category-sanscategorie"],"_links":{"self":[{"href":"https:\/\/levangilealecran.com\/index.php?rest_route=\/wp\/v2\/posts\/3291","targetHints":{"allow":["GET"]}}],"collection":[{"href":"https:\/\/levangilealecran.com\/index.php?rest_route=\/wp\/v2\/posts"}],"about":[{"href":"https:\/\/levangilealecran.com\/index.php?rest_route=\/wp\/v2\/types\/post"}],"author":[{"embeddable":true,"href":"https:\/\/levangilealecran.com\/index.php?rest_route=\/wp\/v2\/users\/2005"}],"replies":[{"embeddable":true,"href":"https:\/\/levangilealecran.com\/index.php?rest_route=%2Fwp%2Fv2%2Fcomments&post=3291"}],"version-history":[{"count":1,"href":"https:\/\/levangilealecran.com\/index.php?rest_route=\/wp\/v2\/posts\/3291\/revisions"}],"predecessor-version":[{"id":3293,"href":"https:\/\/levangilealecran.com\/index.php?rest_route=\/wp\/v2\/posts\/3291\/revisions\/3293"}],"wp:attachment":[{"href":"https:\/\/levangilealecran.com\/index.php?rest_route=%2Fwp%2Fv2%2Fmedia&parent=3291"}],"wp:term":[{"taxonomy":"category","embeddable":true,"href":"https:\/\/levangilealecran.com\/index.php?rest_route=%2Fwp%2Fv2%2Fcategories&post=3291"},{"taxonomy":"post_tag","embeddable":true,"href":"https:\/\/levangilealecran.com\/index.php?rest_route=%2Fwp%2Fv2%2Ftags&post=3291"}],"curies":[{"name":"wp","href":"https:\/\/api.w.org\/{rel}","templated":true}]}}