{"id":3284,"date":"2025-06-13T06:00:00","date_gmt":"2025-06-13T04:00:00","guid":{"rendered":"https:\/\/levangilealecran.com\/?p=3284"},"modified":"2025-06-12T14:13:31","modified_gmt":"2025-06-12T12:13:31","slug":"dimanche-de-la-trinite-c-15-juin-2025","status":"publish","type":"post","link":"https:\/\/levangilealecran.com\/?p=3284","title":{"rendered":"Dimanche de la Trinit\u00e9 &#8211; C &#8211; 15 juin 2025"},"content":{"rendered":"\n<blockquote class=\"wp-block-quote is-layout-flow wp-block-quote-is-layout-flow\">\n<p class=\"wp-block-paragraph\">\u00ab Ce qu\u2019il aura entendu, il le dira. \u00bb<\/p>\n<cite>(Jean 16, 13)<\/cite><\/blockquote>\n\n\n\n<figure class=\"wp-block-image size-large is-resized\"><a href=\"https:\/\/levangilealecran.com\/wp-content\/uploads\/2025\/06\/stencil.logo-large-1.jpg\"><img loading=\"lazy\" decoding=\"async\" width=\"1024\" height=\"1024\" src=\"https:\/\/levangilealecran.com\/wp-content\/uploads\/2025\/06\/stencil.logo-large-1-1024x1024.jpg\" alt=\"\" class=\"wp-image-3285\" style=\"width:600px\" srcset=\"https:\/\/levangilealecran.com\/wp-content\/uploads\/2025\/06\/stencil.logo-large-1-1024x1024.jpg 1024w, https:\/\/levangilealecran.com\/wp-content\/uploads\/2025\/06\/stencil.logo-large-1-300x300.jpg 300w, https:\/\/levangilealecran.com\/wp-content\/uploads\/2025\/06\/stencil.logo-large-1-150x150.jpg 150w, https:\/\/levangilealecran.com\/wp-content\/uploads\/2025\/06\/stencil.logo-large-1-768x768.jpg 768w, https:\/\/levangilealecran.com\/wp-content\/uploads\/2025\/06\/stencil.logo-large-1.jpg 1200w\" sizes=\"auto, (max-width: 1024px) 100vw, 1024px\" \/><\/a><\/figure>\n\n\n\n<h4 class=\"wp-block-heading\">UN RAPPORTEUR FID\u00c8LE<\/h4>\n\n\n\n<p class=\"wp-block-paragraph\">> En politique et dans les institutions inter-gouvernementales, il existe des rapporteurs. Ils sont charg\u00e9s de raconter de mani\u00e8re pr\u00e9cise les d\u00e9bats auxquels ils ont assist\u00e9 et leurs conclusions.<br>Nous avons nous aussi notre rapporteur. Il ne s\u2019agit rien moins que la troisi\u00e8me personne divine : l\u2019Esprit-Saint. Il est pr\u00e9sent dans l\u2019intimit\u00e9 qui est de mise entre le P\u00e8re et le Fils. Ce qu\u2019il est charg\u00e9 de nous rapporter est de la plus haute importance, car les conversations entre Dieu et J\u00e9sus portent sur les projets que Dieu a form\u00e9s pour nous. Il s\u2019agit de projets de paix et non de malheur <em>(J\u00e9r\u00e9mie 29,11)<\/em>.<br><br>> L\u2019Esprit Saint conna\u00eet notre avenir, et d\u00e9sire nous mettre sur la bonne voie.<br>Saurons-nous nous rendre disponibles pour entendre les propos de ce rapporteur fid\u00e8le?<\/p>\n","protected":false},"excerpt":{"rendered":"<p>\u00ab Ce qu\u2019il aura entendu, il le dira. \u00bb (Jean 16, 13) UN RAPPORTEUR FID\u00c8LE > En politique et dans les institutions inter-gouvernementales, il existe des rapporteurs. Ils sont charg\u00e9s de raconter de mani\u00e8re pr\u00e9cise les d\u00e9bats auxquels ils ont assist\u00e9 et leurs conclusions.Nous avons nous aussi notre rapporteur. Il ne s\u2019agit rien moins que la troisi\u00e8me personne divine : l\u2019Esprit-Saint. Il est pr\u00e9sent dans l\u2019intimit\u00e9 qui est de mise entre le P\u00e8re et le Fils. Ce qu\u2019il est charg\u00e9 de nous rapporter est de la plus haute importance, car les conversations entre Dieu et J\u00e9sus portent sur les projets que Dieu a form\u00e9s pour nous. Il s\u2019agit de projets \u2026 <a class=\"continue-reading-link\" href=\"https:\/\/levangilealecran.com\/?p=3284\"> Continue reading <span class=\"meta-nav\">&rarr; <\/span><\/a><\/p>\n","protected":false},"author":2005,"featured_media":0,"comment_status":"open","ping_status":"open","sticky":false,"template":"","format":"standard","meta":{"footnotes":""},"categories":[4,24,5],"tags":[],"class_list":["post-3284","post","type-post","status-publish","format-standard","hentry","category-dimanche","category-fetes","category-jean"],"_links":{"self":[{"href":"https:\/\/levangilealecran.com\/index.php?rest_route=\/wp\/v2\/posts\/3284","targetHints":{"allow":["GET"]}}],"collection":[{"href":"https:\/\/levangilealecran.com\/index.php?rest_route=\/wp\/v2\/posts"}],"about":[{"href":"https:\/\/levangilealecran.com\/index.php?rest_route=\/wp\/v2\/types\/post"}],"author":[{"embeddable":true,"href":"https:\/\/levangilealecran.com\/index.php?rest_route=\/wp\/v2\/users\/2005"}],"replies":[{"embeddable":true,"href":"https:\/\/levangilealecran.com\/index.php?rest_route=%2Fwp%2Fv2%2Fcomments&post=3284"}],"version-history":[{"count":1,"href":"https:\/\/levangilealecran.com\/index.php?rest_route=\/wp\/v2\/posts\/3284\/revisions"}],"predecessor-version":[{"id":3286,"href":"https:\/\/levangilealecran.com\/index.php?rest_route=\/wp\/v2\/posts\/3284\/revisions\/3286"}],"wp:attachment":[{"href":"https:\/\/levangilealecran.com\/index.php?rest_route=%2Fwp%2Fv2%2Fmedia&parent=3284"}],"wp:term":[{"taxonomy":"category","embeddable":true,"href":"https:\/\/levangilealecran.com\/index.php?rest_route=%2Fwp%2Fv2%2Fcategories&post=3284"},{"taxonomy":"post_tag","embeddable":true,"href":"https:\/\/levangilealecran.com\/index.php?rest_route=%2Fwp%2Fv2%2Ftags&post=3284"}],"curies":[{"name":"wp","href":"https:\/\/api.w.org\/{rel}","templated":true}]}}