{"id":3279,"date":"2025-06-06T06:00:00","date_gmt":"2025-06-06T04:00:00","guid":{"rendered":"https:\/\/levangilealecran.com\/?p=3279"},"modified":"2025-06-05T17:52:12","modified_gmt":"2025-06-05T15:52:12","slug":"dimanche-de-pentecote-c-8-juin-2025","status":"publish","type":"post","link":"https:\/\/levangilealecran.com\/?p=3279","title":{"rendered":"Dimanche de Pentec\u00f4te &#8211; C &#8211; 8 juin 2025"},"content":{"rendered":"\n<p class=\"wp-block-paragraph\">\u00ab Ce J\u00e9sus dont je parle, Dieu l\u2019a ressuscit\u00e9, nous en sommes tous t\u00e9moins. Il a \u00e9t\u00e9 \u00e9lev\u00e9 par la main droite de Dieu et il a re\u00e7u du P\u00e8re l\u2019Esprit saint qui avait \u00e9t\u00e9 promis ; il l\u2019a r\u00e9pandu sur nous, et c\u2019est ce que vous voyez et entendez maintenant. \u00bb<\/p>\n\n\n\n<p class=\"wp-block-paragraph\">(Actes 2.32-33)<\/p>\n\n\n\n<figure class=\"wp-block-image size-large is-resized\"><a href=\"https:\/\/levangilealecran.com\/wp-content\/uploads\/2025\/06\/stencil.logo-large.jpg\"><img loading=\"lazy\" decoding=\"async\" width=\"1024\" height=\"1024\" src=\"https:\/\/levangilealecran.com\/wp-content\/uploads\/2025\/06\/stencil.logo-large-1024x1024.jpg\" alt=\"\" class=\"wp-image-3280\" style=\"width:600px\" srcset=\"https:\/\/levangilealecran.com\/wp-content\/uploads\/2025\/06\/stencil.logo-large-1024x1024.jpg 1024w, https:\/\/levangilealecran.com\/wp-content\/uploads\/2025\/06\/stencil.logo-large-300x300.jpg 300w, https:\/\/levangilealecran.com\/wp-content\/uploads\/2025\/06\/stencil.logo-large-150x150.jpg 150w, https:\/\/levangilealecran.com\/wp-content\/uploads\/2025\/06\/stencil.logo-large-768x768.jpg 768w, https:\/\/levangilealecran.com\/wp-content\/uploads\/2025\/06\/stencil.logo-large.jpg 1200w\" sizes=\"auto, (max-width: 1024px) 100vw, 1024px\" \/><\/a><\/figure>\n\n\n\n<p class=\"wp-block-paragraph\">> Ce texte r\u00e9sume bien les deux f\u00eates chr\u00e9tiennes que nous c\u00e9l\u00e9brons ces jours :<\/p>\n\n\n\n<p class=\"wp-block-paragraph\">&#8211; l\u2019Ascension, quand J\u00e9sus-Christ, Dieu le Fils devenu \u00e0 100% humain comme vous et moi, mais dans son humanit\u00e9 \u00ab post-r\u00e9surrection \u00bb incorruptible, retourne vers le P\u00e8re, aupr\u00e8s de qui il nous repr\u00e9sente et interc\u00e8de pour nous ;<br>&#8211; la Pentec\u00f4te, inauguration de l\u2019effusion du Saint-Esprit, cet Esprit vient repr\u00e9senter tant le P\u00e8re que le Fils dans nos c\u0153urs, il nous relie pour ainsi dire \u00e0 eux, pour que nous les glorifiions au travers de nos vies (Jean 16.13-15).<\/p>\n\n\n\n<p class=\"wp-block-paragraph\">> J\u2019aime bien cette image des deux funambules. Notre chemin de foi est un peu une marche sur une corde raide, \u00e0 l\u2019instar d\u2019un \u00e9quilibriste. Alors que nous gardons nos yeux fix\u00e9s vers le but, Christ, qui \u00ab fait na\u00eetre la foi et la m\u00e8ne \u00e0 la perfection \u00bb (H\u00e9breux 12.2), Dieu nous accompagne, comme peut l\u2019illustrer la personne au chapeau qui suit de tr\u00e8s pr\u00e8s l\u2019\u00e9quilibriste. Ce dernier tient la barre pour garder l\u2019\u00e9quilibre \u2013 symbole qu\u2019il est libre et responsable de faire des choix ainsi que d\u2019avancer, \u00e0 l\u2019\u00e9coute de la Parole de Dieu et de la voix de l\u2019Esprit, motiv\u00e9 par l\u2019amour du Christ (2 Corinthiens 5.14).<br>Peut-\u00eatre qu\u2019en contemplant cette image, vous trouverez votre propre interpr\u00e9tation de notre marche de foi en pr\u00e9sence du Dieu trois fois saint, P\u00e8re, Fils, et Esprit.<br>Quelle qu\u2019elle soit, que vous soyez renouvel\u00e9 dans la joie de cette compagnie divine, signe et signature de la pr\u00e9sence du Saint-Esprit !<\/p>\n","protected":false},"excerpt":{"rendered":"<p>\u00ab Ce J\u00e9sus dont je parle, Dieu l\u2019a ressuscit\u00e9, nous en sommes tous t\u00e9moins. Il a \u00e9t\u00e9 \u00e9lev\u00e9 par la main droite de Dieu et il a re\u00e7u du P\u00e8re l\u2019Esprit saint qui avait \u00e9t\u00e9 promis ; il l\u2019a r\u00e9pandu sur nous, et c\u2019est ce que vous voyez et entendez maintenant. \u00bb (Actes 2.32-33) > Ce texte r\u00e9sume bien les deux f\u00eates chr\u00e9tiennes que nous c\u00e9l\u00e9brons ces jours : &#8211; l\u2019Ascension, quand J\u00e9sus-Christ, Dieu le Fils devenu \u00e0 100% humain comme vous et moi, mais dans son humanit\u00e9 \u00ab post-r\u00e9surrection \u00bb incorruptible, retourne vers le P\u00e8re, aupr\u00e8s de qui il nous repr\u00e9sente et interc\u00e8de pour nous ;&#8211; la Pentec\u00f4te, inauguration \u2026 <a class=\"continue-reading-link\" href=\"https:\/\/levangilealecran.com\/?p=3279\"> Continue reading <span class=\"meta-nav\">&rarr; <\/span><\/a><\/p>\n","protected":false},"author":2005,"featured_media":0,"comment_status":"open","ping_status":"open","sticky":false,"template":"","format":"standard","meta":{"footnotes":""},"categories":[1],"tags":[],"class_list":["post-3279","post","type-post","status-publish","format-standard","hentry","category-sanscategorie"],"_links":{"self":[{"href":"https:\/\/levangilealecran.com\/index.php?rest_route=\/wp\/v2\/posts\/3279","targetHints":{"allow":["GET"]}}],"collection":[{"href":"https:\/\/levangilealecran.com\/index.php?rest_route=\/wp\/v2\/posts"}],"about":[{"href":"https:\/\/levangilealecran.com\/index.php?rest_route=\/wp\/v2\/types\/post"}],"author":[{"embeddable":true,"href":"https:\/\/levangilealecran.com\/index.php?rest_route=\/wp\/v2\/users\/2005"}],"replies":[{"embeddable":true,"href":"https:\/\/levangilealecran.com\/index.php?rest_route=%2Fwp%2Fv2%2Fcomments&post=3279"}],"version-history":[{"count":3,"href":"https:\/\/levangilealecran.com\/index.php?rest_route=\/wp\/v2\/posts\/3279\/revisions"}],"predecessor-version":[{"id":3283,"href":"https:\/\/levangilealecran.com\/index.php?rest_route=\/wp\/v2\/posts\/3279\/revisions\/3283"}],"wp:attachment":[{"href":"https:\/\/levangilealecran.com\/index.php?rest_route=%2Fwp%2Fv2%2Fmedia&parent=3279"}],"wp:term":[{"taxonomy":"category","embeddable":true,"href":"https:\/\/levangilealecran.com\/index.php?rest_route=%2Fwp%2Fv2%2Fcategories&post=3279"},{"taxonomy":"post_tag","embeddable":true,"href":"https:\/\/levangilealecran.com\/index.php?rest_route=%2Fwp%2Fv2%2Ftags&post=3279"}],"curies":[{"name":"wp","href":"https:\/\/api.w.org\/{rel}","templated":true}]}}