{"id":3275,"date":"2025-05-30T06:00:00","date_gmt":"2025-05-30T04:00:00","guid":{"rendered":"https:\/\/levangilealecran.com\/?p=3275"},"modified":"2025-05-29T15:12:24","modified_gmt":"2025-05-29T13:12:24","slug":"7e-dimanche-de-paques-c-1er-juin-2025","status":"publish","type":"post","link":"https:\/\/levangilealecran.com\/?p=3275","title":{"rendered":"7e dimanche de P\u00e2ques &#8211; C &#8211; 1er juin 2025"},"content":{"rendered":"\n<blockquote class=\"wp-block-quote is-layout-flow wp-block-quote-is-layout-flow\">\n<p class=\"wp-block-paragraph\">Qu\u2019ils deviennent ainsi parfaitement un, afin que le monde sache que tu m\u2019as envoy\u00e9, et que tu les as aim\u00e9s comme tu m\u2019as aim\u00e9. (Jean 17,23)<\/p>\n<\/blockquote>\n\n\n\n<figure class=\"wp-block-image size-large\"><a href=\"https:\/\/levangilealecran.com\/wp-content\/uploads\/2025\/05\/friends-6780743_1280.jpg\"><img loading=\"lazy\" decoding=\"async\" width=\"1024\" height=\"682\" src=\"https:\/\/levangilealecran.com\/wp-content\/uploads\/2025\/05\/friends-6780743_1280-1024x682.jpg\" alt=\"\" class=\"wp-image-3276\" srcset=\"https:\/\/levangilealecran.com\/wp-content\/uploads\/2025\/05\/friends-6780743_1280-1024x682.jpg 1024w, https:\/\/levangilealecran.com\/wp-content\/uploads\/2025\/05\/friends-6780743_1280-300x200.jpg 300w, https:\/\/levangilealecran.com\/wp-content\/uploads\/2025\/05\/friends-6780743_1280-768x512.jpg 768w, https:\/\/levangilealecran.com\/wp-content\/uploads\/2025\/05\/friends-6780743_1280-150x100.jpg 150w, https:\/\/levangilealecran.com\/wp-content\/uploads\/2025\/05\/friends-6780743_1280-225x150.jpg 225w, https:\/\/levangilealecran.com\/wp-content\/uploads\/2025\/05\/friends-6780743_1280.jpg 1280w\" sizes=\"auto, (max-width: 1024px) 100vw, 1024px\" \/><\/a><\/figure>\n\n\n\n<p class=\"wp-block-paragraph\">&gt; \u00ab&nbsp;Que tous soient UN&nbsp;\u00bb dit J\u00e9sus, juste avant. Ce qui est int\u00e9ressant, c\u2019est la cons\u00e9quence pr\u00e9visible de cette unit\u00e9&nbsp;: \u00ab&nbsp;qu\u2019ils soient parfaitement un afin que le monde sache&nbsp;\u00bb. L\u2019unit\u00e9 non seulement des Chr\u00e9tiens mais de tous ceux qui ont \u00e9t\u00e9 confi\u00e9s \u00e0 J\u00e9sus par son P\u00e8re (l\u2019humanit\u00e9 tout enti\u00e8re&nbsp;?) aura pour cons\u00e9quence que le monde comprendra enfin que Dieu aime chacune et chacun et qu\u2019il a envoy\u00e9 son Fils pour sauver ce monde.<\/p>\n\n\n\n<p class=\"wp-block-paragraph\">&gt; Depuis bient\u00f4t 14 ans, l\u2019Evangile \u00e0 l\u2019Ecran vous propose fid\u00e8lement chaque semaine une piste r\u00e9dig\u00e9e par des catholiques et des r\u00e9form\u00e9s, qui ne signent jamais pour ne pas mettre leur nom en avant mais bien la seule parole de Dieu. L\u2019unit\u00e9 de notre \u00e9quipe s\u2019est agrandie il y a quelques semaines puisque nous accueillons d\u00e9sormais une plume \u00e9vang\u00e9lique parmi les r\u00e9dacteurs de l\u2019Evangile \u00e0 l\u2019Ecran&nbsp;!<\/p>\n\n\n\n<p class=\"wp-block-paragraph\">&gt; Nous avons pris ce chemin ensemble pour vous. Parce que nous sommes convaincus que l\u2019unit\u00e9 des Chr\u00e9tiens, c\u2019est ici et maintenant que cela se passe, que cela d\u00e9pend de chacune et chacun, et que les projets les plus simples sont souvent les plus durables. La preuve. N\u2019oublions pas que l\u2019enjeu est immense&nbsp;: alors le monde saura\u2026 Faites donc conna\u00eetre l\u2019Evangile \u00e0 l\u2019Ecran autour de vous&nbsp;!<\/p>\n","protected":false},"excerpt":{"rendered":"<p>L\u2019unit\u00e9 non seulement des Chr\u00e9tiens mais de tous ceux qui ont \u00e9t\u00e9 confi\u00e9s \u00e0 J\u00e9sus par son P\u00e8re (l\u2019humanit\u00e9 tout enti\u00e8re\u00a0?) aura pour cons\u00e9quence que le monde comprendra enfin que Dieu aime chacune et chacun et qu\u2019il a envoy\u00e9 son Fils pour sauver ce monde. <a class=\"continue-reading-link\" href=\"https:\/\/levangilealecran.com\/?p=3275\"> Continue reading <span class=\"meta-nav\">&rarr; <\/span><\/a><\/p>\n","protected":false},"author":1,"featured_media":3276,"comment_status":"open","ping_status":"open","sticky":false,"template":"","format":"standard","meta":{"footnotes":""},"categories":[4,5,73],"tags":[430,970,32],"class_list":["post-3275","post","type-post","status-publish","format-standard","has-post-thumbnail","hentry","category-dimanche","category-jean","category-paques","tag-jean","tag-levangile-a-lecran","tag-unite"],"_links":{"self":[{"href":"https:\/\/levangilealecran.com\/index.php?rest_route=\/wp\/v2\/posts\/3275","targetHints":{"allow":["GET"]}}],"collection":[{"href":"https:\/\/levangilealecran.com\/index.php?rest_route=\/wp\/v2\/posts"}],"about":[{"href":"https:\/\/levangilealecran.com\/index.php?rest_route=\/wp\/v2\/types\/post"}],"author":[{"embeddable":true,"href":"https:\/\/levangilealecran.com\/index.php?rest_route=\/wp\/v2\/users\/1"}],"replies":[{"embeddable":true,"href":"https:\/\/levangilealecran.com\/index.php?rest_route=%2Fwp%2Fv2%2Fcomments&post=3275"}],"version-history":[{"count":1,"href":"https:\/\/levangilealecran.com\/index.php?rest_route=\/wp\/v2\/posts\/3275\/revisions"}],"predecessor-version":[{"id":3277,"href":"https:\/\/levangilealecran.com\/index.php?rest_route=\/wp\/v2\/posts\/3275\/revisions\/3277"}],"wp:featuredmedia":[{"embeddable":true,"href":"https:\/\/levangilealecran.com\/index.php?rest_route=\/wp\/v2\/media\/3276"}],"wp:attachment":[{"href":"https:\/\/levangilealecran.com\/index.php?rest_route=%2Fwp%2Fv2%2Fmedia&parent=3275"}],"wp:term":[{"taxonomy":"category","embeddable":true,"href":"https:\/\/levangilealecran.com\/index.php?rest_route=%2Fwp%2Fv2%2Fcategories&post=3275"},{"taxonomy":"post_tag","embeddable":true,"href":"https:\/\/levangilealecran.com\/index.php?rest_route=%2Fwp%2Fv2%2Ftags&post=3275"}],"curies":[{"name":"wp","href":"https:\/\/api.w.org\/{rel}","templated":true}]}}