{"id":3270,"date":"2025-05-23T06:00:00","date_gmt":"2025-05-23T04:00:00","guid":{"rendered":"https:\/\/levangilealecran.com\/?p=3270"},"modified":"2025-05-22T16:13:36","modified_gmt":"2025-05-22T14:13:36","slug":"6e-dimanche-de-paques-c-25-mai-2025","status":"publish","type":"post","link":"https:\/\/levangilealecran.com\/?p=3270","title":{"rendered":"6e Dimanche de P\u00e2ques &#8211; C &#8211; 25 mai 2025"},"content":{"rendered":"\n<blockquote class=\"wp-block-quote is-layout-flow wp-block-quote-is-layout-flow\">\n<p class=\"wp-block-paragraph\">\u00ab Si quelqu\u2019un m\u2019aime, il gardera ma parole, mon P\u00e8re l\u2019aimera, et nous viendrons vers lui. \u00bb<\/p>\n<cite>(Jn 14,23)<\/cite><\/blockquote>\n\n\n\n<figure class=\"wp-block-image size-large is-resized\"><a href=\"https:\/\/levangilealecran.com\/wp-content\/uploads\/2025\/05\/Catacombs-of-St.-Domitilla.jpeg\"><img loading=\"lazy\" decoding=\"async\" width=\"1024\" height=\"576\" src=\"https:\/\/levangilealecran.com\/wp-content\/uploads\/2025\/05\/Catacombs-of-St.-Domitilla-1024x576.jpeg\" alt=\"\" class=\"wp-image-3271\" style=\"width:600px\" srcset=\"https:\/\/levangilealecran.com\/wp-content\/uploads\/2025\/05\/Catacombs-of-St.-Domitilla-1024x576.jpeg 1024w, https:\/\/levangilealecran.com\/wp-content\/uploads\/2025\/05\/Catacombs-of-St.-Domitilla-300x169.jpeg 300w, https:\/\/levangilealecran.com\/wp-content\/uploads\/2025\/05\/Catacombs-of-St.-Domitilla-768x432.jpeg 768w, https:\/\/levangilealecran.com\/wp-content\/uploads\/2025\/05\/Catacombs-of-St.-Domitilla-150x84.jpeg 150w, https:\/\/levangilealecran.com\/wp-content\/uploads\/2025\/05\/Catacombs-of-St.-Domitilla-250x141.jpeg 250w, https:\/\/levangilealecran.com\/wp-content\/uploads\/2025\/05\/Catacombs-of-St.-Domitilla.jpeg 1280w\" sizes=\"auto, (max-width: 1024px) 100vw, 1024px\" \/><\/a><figcaption class=\"wp-element-caption\">\u00ab<em>Christ enseignant, Catacombes de Domitilla, V<sup>e<\/sup> s.<\/em>\u00bb<\/figcaption><\/figure>\n\n\n\n<p class=\"wp-block-paragraph\">> Quand un ami nous fait une confidence ou une recommandation, nous conservons ses paroles avec soin, et nous agissons selon ce qui lui tient \u00e0 c\u0153ur. Ainsi pour J\u00e9sus, ami s\u2019il en est un, dont chaque parole est un tr\u00e9sor \u00e0 garder pr\u00e9cieusement. De quoi nous parle-t-il, en ces dimanches apr\u00e8s P\u00e2ques ? Dans son \u201cdiscours apr\u00e8s la C\u00e8ne\u201c, (Jn 13-17), J\u00e9sus pr\u00e9pare ses disciples \u00e0 ce qui sera leur vie sans sa pr\u00e9sence physique, tangible, visible.<br><br>Nous l\u2019avons remarqu\u00e9, un mot, un nom, revient sans cesse dans son discours d\u2019adieu, c\u2019est celui de \u201cP\u00e8re\u201c. Pour J\u00e9sus, tout se tient et se r\u00e9sume dans sa relation au P\u00e8re ; en prenant cong\u00e9 des siens, il les y introduit, ouvrant cette intimit\u00e9 \u00e0 nous aussi, qui l\u2019aimons et gardons sa parole :\u00ab Nous viendrons vers lui et, chez lui, nous nous ferons une demeure. \u00bb<br><br>> C\u2019est \u00e9norme, cela nous d\u00e9passe\u2026 N\u2019ayons crainte, tout a \u00e9t\u00e9 pr\u00e9vu : \u00ab l\u2019Esprit Saint que le P\u00e8re enverra en mon nom, lui, vous enseignera tout, et il vous fera souvenir de tout ce que je vous ai dit \u00bb. Il ne nous reste plus qu\u2019\u00e0 rendre gr\u00e2ce.<\/p>\n","protected":false},"excerpt":{"rendered":"<p>\u00ab Si quelqu\u2019un m\u2019aime, il gardera ma parole, mon P\u00e8re l\u2019aimera, et nous viendrons vers lui. \u00bb (Jn 14,23) > Quand un ami nous fait une confidence ou une recommandation, nous conservons ses paroles avec soin, et nous agissons selon ce qui lui tient \u00e0 c\u0153ur. Ainsi pour J\u00e9sus, ami s\u2019il en est un, dont chaque parole est un tr\u00e9sor \u00e0 garder pr\u00e9cieusement. De quoi nous parle-t-il, en ces dimanches apr\u00e8s P\u00e2ques ? Dans son \u201cdiscours apr\u00e8s la C\u00e8ne\u201c, (Jn 13-17), J\u00e9sus pr\u00e9pare ses disciples \u00e0 ce qui sera leur vie sans sa pr\u00e9sence physique, tangible, visible. Nous l\u2019avons remarqu\u00e9, un mot, un nom, revient sans cesse dans son discours \u2026 <a class=\"continue-reading-link\" href=\"https:\/\/levangilealecran.com\/?p=3270\"> Continue reading <span class=\"meta-nav\">&rarr; <\/span><\/a><\/p>\n","protected":false},"author":2005,"featured_media":0,"comment_status":"open","ping_status":"open","sticky":false,"template":"","format":"standard","meta":{"footnotes":""},"categories":[4,5,74],"tags":[],"class_list":["post-3270","post","type-post","status-publish","format-standard","hentry","category-dimanche","category-jean","category-temps-pascal"],"_links":{"self":[{"href":"https:\/\/levangilealecran.com\/index.php?rest_route=\/wp\/v2\/posts\/3270","targetHints":{"allow":["GET"]}}],"collection":[{"href":"https:\/\/levangilealecran.com\/index.php?rest_route=\/wp\/v2\/posts"}],"about":[{"href":"https:\/\/levangilealecran.com\/index.php?rest_route=\/wp\/v2\/types\/post"}],"author":[{"embeddable":true,"href":"https:\/\/levangilealecran.com\/index.php?rest_route=\/wp\/v2\/users\/2005"}],"replies":[{"embeddable":true,"href":"https:\/\/levangilealecran.com\/index.php?rest_route=%2Fwp%2Fv2%2Fcomments&post=3270"}],"version-history":[{"count":1,"href":"https:\/\/levangilealecran.com\/index.php?rest_route=\/wp\/v2\/posts\/3270\/revisions"}],"predecessor-version":[{"id":3272,"href":"https:\/\/levangilealecran.com\/index.php?rest_route=\/wp\/v2\/posts\/3270\/revisions\/3272"}],"wp:attachment":[{"href":"https:\/\/levangilealecran.com\/index.php?rest_route=%2Fwp%2Fv2%2Fmedia&parent=3270"}],"wp:term":[{"taxonomy":"category","embeddable":true,"href":"https:\/\/levangilealecran.com\/index.php?rest_route=%2Fwp%2Fv2%2Fcategories&post=3270"},{"taxonomy":"post_tag","embeddable":true,"href":"https:\/\/levangilealecran.com\/index.php?rest_route=%2Fwp%2Fv2%2Ftags&post=3270"}],"curies":[{"name":"wp","href":"https:\/\/api.w.org\/{rel}","templated":true}]}}