{"id":3263,"date":"2025-05-09T06:00:00","date_gmt":"2025-05-09T04:00:00","guid":{"rendered":"https:\/\/levangilealecran.com\/?p=3263"},"modified":"2025-05-07T18:43:32","modified_gmt":"2025-05-07T16:43:32","slug":"4e-dimanche-de-paques-c-11-mai-2025","status":"publish","type":"post","link":"https:\/\/levangilealecran.com\/?p=3263","title":{"rendered":"4e dimanche de P\u00e2ques \u2013 C \u2013 11 mai 2025"},"content":{"rendered":"\n<blockquote class=\"wp-block-quote is-layout-flow wp-block-quote-is-layout-flow\">\n<p class=\"wp-block-paragraph\">\u00ab Je leur donne la vie \u00e9ternelle : jamais elles ne p\u00e9riront. \u00bb<\/p>\n<cite>(Jean 10, 28)<\/cite><\/blockquote>\n\n\n\n<figure class=\"wp-block-image size-large is-resized\"><a href=\"https:\/\/levangilealecran.com\/wp-content\/uploads\/2025\/05\/stencil.logo-large-13.png\"><img loading=\"lazy\" decoding=\"async\" width=\"1024\" height=\"1024\" src=\"https:\/\/levangilealecran.com\/wp-content\/uploads\/2025\/05\/stencil.logo-large-13-1024x1024.png\" alt=\"\" class=\"wp-image-3264\" style=\"width:600px\" srcset=\"https:\/\/levangilealecran.com\/wp-content\/uploads\/2025\/05\/stencil.logo-large-13-1024x1024.png 1024w, https:\/\/levangilealecran.com\/wp-content\/uploads\/2025\/05\/stencil.logo-large-13-300x300.png 300w, https:\/\/levangilealecran.com\/wp-content\/uploads\/2025\/05\/stencil.logo-large-13-150x150.png 150w, https:\/\/levangilealecran.com\/wp-content\/uploads\/2025\/05\/stencil.logo-large-13-768x768.png 768w, https:\/\/levangilealecran.com\/wp-content\/uploads\/2025\/05\/stencil.logo-large-13.png 1200w\" sizes=\"auto, (max-width: 1024px) 100vw, 1024px\" \/><\/a><\/figure>\n\n\n\n<p class=\"wp-block-paragraph\">> Entendre J\u00e9sus dire \u00ab jamais elles ne p\u00e9riront \u00bb peut sembler difficile. Autour de nous, la mort, la maladie, les injustices sont bien r\u00e9elles. Est-ce une fausse promesse ? Une illusion pour se rassurer ? Non : c\u2019est une promesse plus forte que toutes nos pertes visibles. J\u00e9sus, le Bon Pasteur, conna\u00eet la fragilit\u00e9 de ses brebis ; il sait que les chemins sont parfois sombres. Mais il assure que rien \u2014 ni l\u2019\u00e9preuve, ni la mort \u2014 ne pourra arracher ses brebis de sa main (cf. Romains 8, 39 : \u00ab rien ne pourra nous s\u00e9parer de l\u2019amour de Dieu manifest\u00e9 en J\u00e9sus-Christ \u00bb). Ce lien d\u2019amour, tiss\u00e9 par le P\u00e8re, est plus solide que nos peurs. C\u2019est une vie \u00e9ternelle qui commence d\u00e8s aujourd\u2019hui, dans l\u2019\u00e9coute de sa voix.<br><br>> Cette semaine, m\u00eame si nous croisons l\u2019ombre du doute ou du mal, rappelons-nous que nous ne marchons pas seuls. Notre Berger veille, m\u00eame quand nous ne le voyons pas (cf. Psaume 23, 1 : \u00ab Le Seigneur est mon berger, rien ne saurait me manquer \u00bb). <strong>Ne laissons pas les t\u00e9n\u00e8bres nous voler la confiance dans sa parole<\/strong>. Avec Lui, nous avons d\u00e9j\u00e0 re\u00e7u la vie que rien ne pourra briser. Seigneur J\u00e9sus, notre esp\u00e9rance, garde-nous tout pr\u00e8s de ton c\u0153ur. Amen.<\/p>\n\n\n\n<p class=\"wp-block-paragraph\"><\/p>\n","protected":false},"excerpt":{"rendered":"<p>\u00ab Je leur donne la vie \u00e9ternelle : jamais elles ne p\u00e9riront. \u00bb (Jean 10, 28) > Entendre J\u00e9sus dire \u00ab jamais elles ne p\u00e9riront \u00bb peut sembler difficile. Autour de nous, la mort, la maladie, les injustices sont bien r\u00e9elles. Est-ce une fausse promesse ? Une illusion pour se rassurer ? Non : c\u2019est une promesse plus forte que toutes nos pertes visibles. J\u00e9sus, le Bon Pasteur, conna\u00eet la fragilit\u00e9 de ses brebis ; il sait que les chemins sont parfois sombres. Mais il assure que rien \u2014 ni l\u2019\u00e9preuve, ni la mort \u2014 ne pourra arracher ses brebis de sa main (cf. Romains 8, 39 : \u00ab rien \u2026 <a class=\"continue-reading-link\" href=\"https:\/\/levangilealecran.com\/?p=3263\"> Continue reading <span class=\"meta-nav\">&rarr; <\/span><\/a><\/p>\n","protected":false},"author":2005,"featured_media":0,"comment_status":"open","ping_status":"open","sticky":false,"template":"","format":"standard","meta":{"footnotes":""},"categories":[4,5,74],"tags":[],"class_list":["post-3263","post","type-post","status-publish","format-standard","hentry","category-dimanche","category-jean","category-temps-pascal"],"_links":{"self":[{"href":"https:\/\/levangilealecran.com\/index.php?rest_route=\/wp\/v2\/posts\/3263","targetHints":{"allow":["GET"]}}],"collection":[{"href":"https:\/\/levangilealecran.com\/index.php?rest_route=\/wp\/v2\/posts"}],"about":[{"href":"https:\/\/levangilealecran.com\/index.php?rest_route=\/wp\/v2\/types\/post"}],"author":[{"embeddable":true,"href":"https:\/\/levangilealecran.com\/index.php?rest_route=\/wp\/v2\/users\/2005"}],"replies":[{"embeddable":true,"href":"https:\/\/levangilealecran.com\/index.php?rest_route=%2Fwp%2Fv2%2Fcomments&post=3263"}],"version-history":[{"count":1,"href":"https:\/\/levangilealecran.com\/index.php?rest_route=\/wp\/v2\/posts\/3263\/revisions"}],"predecessor-version":[{"id":3265,"href":"https:\/\/levangilealecran.com\/index.php?rest_route=\/wp\/v2\/posts\/3263\/revisions\/3265"}],"wp:attachment":[{"href":"https:\/\/levangilealecran.com\/index.php?rest_route=%2Fwp%2Fv2%2Fmedia&parent=3263"}],"wp:term":[{"taxonomy":"category","embeddable":true,"href":"https:\/\/levangilealecran.com\/index.php?rest_route=%2Fwp%2Fv2%2Fcategories&post=3263"},{"taxonomy":"post_tag","embeddable":true,"href":"https:\/\/levangilealecran.com\/index.php?rest_route=%2Fwp%2Fv2%2Ftags&post=3263"}],"curies":[{"name":"wp","href":"https:\/\/api.w.org\/{rel}","templated":true}]}}