{"id":324,"date":"2013-06-07T17:10:19","date_gmt":"2013-06-07T15:10:19","guid":{"rendered":"http:\/\/levangilealecran.com?p=324"},"modified":"2013-06-07T17:10:19","modified_gmt":"2013-06-07T15:10:19","slug":"10e-dimanche-c","status":"publish","type":"post","link":"https:\/\/levangilealecran.com\/?p=324","title":{"rendered":"10e dimanche &#8211; C"},"content":{"rendered":"<p style=\"text-align: justify;\">Il arriva pr\u00e8s de la porte de la ville au moment o\u00f9 l&rsquo;on transportait un mort pour l&rsquo;enterrer ; c&rsquo;\u00e9tait un fils unique, et sa m\u00e8re \u00e9tait veuve. Une foule consid\u00e9rable accompagnait cette femme. En la voyant, le Seigneur fut saisi de piti\u00e9 pour elle, et lui dit : \u00ab Ne pleure pas. \u00bb. (Luc 7,12-13)<\/p>\n<p style=\"text-align: justify;\"><strong>&gt; Pour les juifs, la descendance \u00e9tait signe de prosp\u00e9rit\u00e9 et il n\u2019y avait rien de pire que la lign\u00e9e du sang se termine, car avec elle s\u2019\u00e9teignait l\u2019avenir de la famille. Ces deuils peuvent aussi nous toucher, deuils de projets ou de personnes, deuils immenses de vie inachev\u00e9e, d\u2019\u00e9nergie vitale perdue, deuils qui nous donnent l\u2019impression qu\u2019il n\u2019y a pas d\u2019avenir. <\/strong><\/p>\n<p style=\"text-align: justify;\"><strong>Et si cette semaine, d\u2019une part, nous repensions \u00e0 ces deuils pass\u00e9s ou pr\u00e9sents dans nos vies, si nous essayions d\u2019entendre la parole de r\u00e9confort du Christ \u00ab ne pleure pas \u00bb ? <\/strong><\/p>\n<p style=\"text-align: justify;\"><strong>Et si cette semaine, d\u2019autre part, nous \u00e9tions pr\u00e9sence et r\u00e9confort pour les endeuill\u00e9s autour de nous en disant nous aussi \u00ab ne pleure pas \u00bb ?<\/strong><\/p>\n","protected":false},"excerpt":{"rendered":"<p>Il arriva pr\u00e8s de la porte de la ville au moment o\u00f9 l&rsquo;on transportait un mort pour l&rsquo;enterrer ; c&rsquo;\u00e9tait un fils unique, et sa m\u00e8re \u00e9tait veuve. Une foule consid\u00e9rable accompagnait cette femme. En la voyant, le Seigneur fut saisi de piti\u00e9 pour elle, et lui dit : \u00ab Ne pleure pas. \u00bb. (Luc 7,12-13) &gt; Pour les juifs, la descendance \u00e9tait signe de prosp\u00e9rit\u00e9 et il n\u2019y avait rien de pire que la lign\u00e9e du sang se termine, car avec elle s\u2019\u00e9teignait l\u2019avenir de la famille. Ces deuils peuvent aussi nous toucher, deuils de projets ou de personnes, deuils immenses de vie inachev\u00e9e, d\u2019\u00e9nergie vitale perdue, deuils qui \u2026 <a class=\"continue-reading-link\" href=\"https:\/\/levangilealecran.com\/?p=324\"> Continue reading <span class=\"meta-nav\">&rarr; <\/span><\/a><\/p>\n","protected":false},"author":1,"featured_media":0,"comment_status":"open","ping_status":"open","sticky":false,"template":"","format":"standard","meta":{"footnotes":""},"categories":[4,6],"tags":[93,431,94,95],"class_list":["post-324","post","type-post","status-publish","format-standard","hentry","category-dimanche","category-luc","tag-deuil","tag-luc","tag-presence","tag-reconfort"],"_links":{"self":[{"href":"https:\/\/levangilealecran.com\/index.php?rest_route=\/wp\/v2\/posts\/324","targetHints":{"allow":["GET"]}}],"collection":[{"href":"https:\/\/levangilealecran.com\/index.php?rest_route=\/wp\/v2\/posts"}],"about":[{"href":"https:\/\/levangilealecran.com\/index.php?rest_route=\/wp\/v2\/types\/post"}],"author":[{"embeddable":true,"href":"https:\/\/levangilealecran.com\/index.php?rest_route=\/wp\/v2\/users\/1"}],"replies":[{"embeddable":true,"href":"https:\/\/levangilealecran.com\/index.php?rest_route=%2Fwp%2Fv2%2Fcomments&post=324"}],"version-history":[{"count":1,"href":"https:\/\/levangilealecran.com\/index.php?rest_route=\/wp\/v2\/posts\/324\/revisions"}],"predecessor-version":[{"id":325,"href":"https:\/\/levangilealecran.com\/index.php?rest_route=\/wp\/v2\/posts\/324\/revisions\/325"}],"wp:attachment":[{"href":"https:\/\/levangilealecran.com\/index.php?rest_route=%2Fwp%2Fv2%2Fmedia&parent=324"}],"wp:term":[{"taxonomy":"category","embeddable":true,"href":"https:\/\/levangilealecran.com\/index.php?rest_route=%2Fwp%2Fv2%2Fcategories&post=324"},{"taxonomy":"post_tag","embeddable":true,"href":"https:\/\/levangilealecran.com\/index.php?rest_route=%2Fwp%2Fv2%2Ftags&post=324"}],"curies":[{"name":"wp","href":"https:\/\/api.w.org\/{rel}","templated":true}]}}